{"id":1942057,"count":1,"description":"","link":"https:\/\/www.wacoca.com\/videos\/tag\/premiere-tele\/","name":"premi\u00e8re t\u00e9l\u00e9","slug":"premiere-tele","taxonomy":"post_tag","meta":[],"_links":{"self":[{"href":"https:\/\/www.wacoca.com\/videos\/wp-json\/wp\/v2\/tags\/1942057","targetHints":{"allow":["GET"]}}],"collection":[{"href":"https:\/\/www.wacoca.com\/videos\/wp-json\/wp\/v2\/tags"}],"about":[{"href":"https:\/\/www.wacoca.com\/videos\/wp-json\/wp\/v2\/taxonomies\/post_tag"}],"wp:post_type":[{"href":"https:\/\/www.wacoca.com\/videos\/wp-json\/wp\/v2\/posts?tags=1942057"}],"curies":[{"name":"wp","href":"https:\/\/api.w.org\/{rel}","templated":true}]}}