{"id":950684,"date":"2022-03-16T16:44:24","date_gmt":"2022-03-16T16:44:24","guid":{"rendered":"https:\/\/www.wacoca.com\/videos\/950684\/celebrity\/"},"modified":"2022-03-16T16:44:24","modified_gmt":"2022-03-16T16:44:24","slug":"terremoto-7-3-en-japon-imagenes-del-sismo-y-alerta-de-tsunami-en-tokio","status":"publish","type":"post","link":"https:\/\/www.wacoca.com\/videos\/950684\/celebrity\/","title":{"rendered":"Terremoto 7.3 en JAP\u00d3N: Im\u00e1genes del sismo y alerta de tsunami en Tokio"},"content":{"rendered":"<p><iframe loading=\"lazy\"  width=\"580\" height=\"385\" src=\"https:\/\/www.youtube.com\/embed\/ffQoD26FOxU?modestbranding=1\" frameborder=\"0\" allowfullscreen><\/iframe><br \/>\n<br \/>\nJap\u00f3n activ\u00f3 hoy la alerta de tsunami tras producirse un terremoto de magnitud 7.3 frente a las costas de Fukushima y Miyagi, al noreste del pa\u00eds. El sismo se produjo a las 23.36 a una profundidad de 60 kil\u00f3metros, seg\u00fan inform\u00f3 la Agencia Meteorol\u00f3gica de Jap\u00f3n (JMA), que ha alertado sobre un posible tsunami en la zona m\u00e1s afectada de hasta un metro de altura.<\/p>\n<p>#terremotojapon #japon #alertadetsunami<\/p>\n<p>Canal oficial del diario Trome de Lima, Per\u00fa. <\/p>\n<p>Suscr\u00edbete: <\/p>\n<p>Sitio web: <\/p>\n<p>TAMBI\u00c9N S\u00cdGUENOS EN:<br \/>\nFacebook:<br \/>\nTwitter:<br \/>\nInstagram: <\/p>\n","protected":false},"excerpt":{"rendered":"<p>Jap\u00f3n activ\u00f3 hoy la alerta de tsunami tras producirse un terremoto de magnitud 7.3 frente a las costas de Fuku<\/p>\n","protected":false},"author":3,"featured_media":950685,"comment_status":"","ping_status":"","sticky":false,"template":"","format":"standard","meta":{"footnotes":"","_share_on_mastodon":"0"},"categories":[21045],"tags":[733514,733517,21047,21046,41350,733508,519873,733511,733512,58391,519861,733515,733510,520264,185038,733513,519853,21657,733509,21467,733516,22],"class_list":{"0":"post-950684","1":"post","2":"type-post","3":"status-publish","4":"format-standard","5":"has-post-thumbnail","7":"category-celebrity","8":"tag-7-3-terremoto","9":"tag-alerta","10":"tag-celebrities","11":"tag-celebrity","12":"tag-del","13":"tag-diario-trome","14":"tag-imagenes","15":"tag-imagenes-del-terremoto-en-japon","16":"tag-imagenes-japon-hoy","17":"tag-japon","18":"tag-japon-terremoto","19":"tag-japon-terremoto-imagenes","20":"tag-noticias-trome","21":"tag-sismo","22":"tag-terremoto","23":"tag-terremoto-en-vivo-japon","24":"tag-terremoto-japon","25":"tag-tokio","26":"tag-trome","27":"tag-tsunami","28":"tag-ultimo-minuto-japon-terremoto","29":"tag-vlog"},"share_on_mastodon":{"url":"","error":""},"_links":{"self":[{"href":"https:\/\/www.wacoca.com\/videos\/wp-json\/wp\/v2\/posts\/950684","targetHints":{"allow":["GET"]}}],"collection":[{"href":"https:\/\/www.wacoca.com\/videos\/wp-json\/wp\/v2\/posts"}],"about":[{"href":"https:\/\/www.wacoca.com\/videos\/wp-json\/wp\/v2\/types\/post"}],"author":[{"embeddable":true,"href":"https:\/\/www.wacoca.com\/videos\/wp-json\/wp\/v2\/users\/3"}],"replies":[{"embeddable":true,"href":"https:\/\/www.wacoca.com\/videos\/wp-json\/wp\/v2\/comments?post=950684"}],"version-history":[{"count":0,"href":"https:\/\/www.wacoca.com\/videos\/wp-json\/wp\/v2\/posts\/950684\/revisions"}],"wp:featuredmedia":[{"embeddable":true,"href":"https:\/\/www.wacoca.com\/videos\/wp-json\/wp\/v2\/media\/950685"}],"wp:attachment":[{"href":"https:\/\/www.wacoca.com\/videos\/wp-json\/wp\/v2\/media?parent=950684"}],"wp:term":[{"taxonomy":"category","embeddable":true,"href":"https:\/\/www.wacoca.com\/videos\/wp-json\/wp\/v2\/categories?post=950684"},{"taxonomy":"post_tag","embeddable":true,"href":"https:\/\/www.wacoca.com\/videos\/wp-json\/wp\/v2\/tags?post=950684"}],"curies":[{"name":"wp","href":"https:\/\/api.w.org\/{rel}","templated":true}]}}