{"id":827330,"date":"2022-01-20T02:00:11","date_gmt":"2022-01-20T02:00:11","guid":{"rendered":"https:\/\/www.wacoca.com\/videos\/827330\/akb48\/"},"modified":"2022-01-20T02:00:11","modified_gmt":"2022-01-20T02:00:11","slug":"%f0%9f%87%b2%f0%9f%87%bd-idol-mexicana-en-japon-me-graduo-de-akb48-%f0%9f%87%b2%f0%9f%87%bd","status":"publish","type":"post","link":"https:\/\/www.wacoca.com\/videos\/827330\/akb48\/","title":{"rendered":"\ud83c\uddf2\ud83c\uddfd Idol mexicana en Jap\u00f3n: me grad\u00fao de AKB48 \ud83c\uddf2\ud83c\uddfd"},"content":{"rendered":"<p><iframe loading=\"lazy\"  width=\"580\" height=\"385\" src=\"https:\/\/www.youtube.com\/embed\/gpz9FqxsrRQ?modestbranding=1\" frameborder=\"0\" allowfullscreen><\/iframe><br \/>\n<br \/>\nLa vida est\u00e1 llena de decisiones importantes y como ya saben, hace unas semanas cerr\u00e9 un ciclo en mi vida al graduarme de AKB48 y en este video quiero compartir como me siento al respecto.<br \/>\nLo que m\u00e1s me alegra es saber que sigo contanto con su apoyo y cr\u00e9anme que se vendr\u00e1n proyectos muy interesantes que estoy ansiosa de compartirles.  <\/p>\n<p>\u2b07\u2b07\u2b07\u2b07 MIS REDES SOCIALES \u2b07\u2b07\u2b07\u2b07<br \/>\nInstagram:<br \/>\nTwitter:<br \/>\nFacebook: <\/p>\n","protected":false},"excerpt":{"rendered":"<p>La vida est\u00e1 llena de decisiones importantes y como ya saben, hace unas semanas cerr\u00e9 un ciclo en mi vida al g<\/p>\n","protected":false},"author":3,"featured_media":827331,"comment_status":"","ping_status":"","sticky":false,"template":"","format":"standard","meta":{"footnotes":"","_share_on_mastodon":"0"},"categories":[40841],"tags":[13035,659475,9582,40942,66400,84334,321929,622588,659473,659474,659476,27554,46219,170,58391,291509,622589,622587,291510,62553,622586,659472,388542,22,40924],"class_list":{"0":"post-827330","1":"post","2":"type-post","3":"status-publish","4":"format-standard","5":"has-post-thumbnail","7":"category-akb48","8":"tag-13035","9":"tag-adios-youtube","10":"tag-akb48","11":"tag-akb48-team-a","12":"tag-anna-iriyama","13":"tag-anna-iriyama-akb48","14":"tag-asians","15":"tag-coreano-vlogs","16":"tag-el-adios","17":"tag-gracias-por-todo","18":"tag-graduo","19":"tag-idol","20":"tag-iriyama-anna","21":"tag-japanese","22":"tag-japon","23":"tag-japonesa","24":"tag-kenrovlogs","25":"tag-luisito-comunica","26":"tag-mexicana","27":"tag-mexico","28":"tag-pueblos-magicos-de-mexico","29":"tag-un-adios","30":"tag-viajes","31":"tag-vlog","32":"tag-40924"},"share_on_mastodon":{"url":"","error":""},"_links":{"self":[{"href":"https:\/\/www.wacoca.com\/videos\/wp-json\/wp\/v2\/posts\/827330","targetHints":{"allow":["GET"]}}],"collection":[{"href":"https:\/\/www.wacoca.com\/videos\/wp-json\/wp\/v2\/posts"}],"about":[{"href":"https:\/\/www.wacoca.com\/videos\/wp-json\/wp\/v2\/types\/post"}],"author":[{"embeddable":true,"href":"https:\/\/www.wacoca.com\/videos\/wp-json\/wp\/v2\/users\/3"}],"replies":[{"embeddable":true,"href":"https:\/\/www.wacoca.com\/videos\/wp-json\/wp\/v2\/comments?post=827330"}],"version-history":[{"count":0,"href":"https:\/\/www.wacoca.com\/videos\/wp-json\/wp\/v2\/posts\/827330\/revisions"}],"wp:featuredmedia":[{"embeddable":true,"href":"https:\/\/www.wacoca.com\/videos\/wp-json\/wp\/v2\/media\/827331"}],"wp:attachment":[{"href":"https:\/\/www.wacoca.com\/videos\/wp-json\/wp\/v2\/media?parent=827330"}],"wp:term":[{"taxonomy":"category","embeddable":true,"href":"https:\/\/www.wacoca.com\/videos\/wp-json\/wp\/v2\/categories?post=827330"},{"taxonomy":"post_tag","embeddable":true,"href":"https:\/\/www.wacoca.com\/videos\/wp-json\/wp\/v2\/tags?post=827330"}],"curies":[{"name":"wp","href":"https:\/\/api.w.org\/{rel}","templated":true}]}}