{"id":716356,"date":"2021-11-23T15:00:11","date_gmt":"2021-11-23T15:00:11","guid":{"rendered":"https:\/\/www.wacoca.com\/videos\/716356\/celebrity\/"},"modified":"2021-11-23T15:00:11","modified_gmt":"2021-11-23T15:00:11","slug":"chameleo-tokyo-videoclipe-oficial","status":"publish","type":"post","link":"https:\/\/www.wacoca.com\/videos\/716356\/celebrity\/","title":{"rendered":"CHAMELEO &#8211; TOKYO (Videoclipe Oficial)"},"content":{"rendered":"<p><iframe loading=\"lazy\"  width=\"580\" height=\"385\" src=\"https:\/\/www.youtube.com\/embed\/-SREGiwyumc?modestbranding=1\" frameborder=\"0\" allowfullscreen><\/iframe><br \/>\n<br \/>\n\u25b6\ufe0f OU\u00c7A #ECDISE EM TODAS AS PLATAFORMAS:<\/p>\n<p>\u25b6\ufe0f INSCREVA-SE NO MEU CANAL DO YOUTUBE:<\/p>\n<p>\u25b6\ufe0f SIGA CHAMELEO NAS REDES SOCIAIS:<\/p>\n<p>\u25b6\ufe0f IMPRENSA:<\/p>\n<p>\u25b6\ufe0f FICHA T\u00c9CNICA VIDEOCLIPE:<br \/>\nProdutora: DVTO PROD.<br \/>\nDire\u00e7\u00e3o: Federico Devito<br \/>\nDire\u00e7\u00e3o de Arte: Italo Matos<br \/>\nDire\u00e7\u00e3o Criativa: SCOZ<br \/>\nDire\u00e7\u00e3o de movimento: Fl\u00e1vio Verne<br \/>\nDire\u00e7\u00e3o de Produ\u00e7\u00e3o: Bruno Anacleto<br \/>\nAss. de Dire\u00e7\u00e3o: Marcos Vinicius Pereira<br \/>\nDire\u00e7\u00e3o de Fotografia: Rodrigo Prata<br \/>\nOperador de Steady Cam: Junior Loiola<br \/>\n1\u00ba Ass de C\u00e2mera: Thiago Han<br \/>\n2\u00ba Ass de C\u00e2mera: Luiz Fernando Gon\u00e7alves Quintais<br \/>\nColoriza\u00e7\u00e3o\/Logger: Luiz Fernando Gon\u00e7alves Quintais<br \/>\nFoto Capa e Divulga\u00e7\u00e3o: Ernna Cost<br \/>\nDesign Capa e Divulga\u00e7\u00e3o: Douglas Reder<br \/>\nEletricista chefe: Wendel Salsa<br \/>\n1\u00ba Assistente de El\u00e9trica: Anderson Alan Garcia<br \/>\n2\u00ba Assistente de El\u00e9trica: Diego Pereira<br \/>\n2\u00ba Assistente de El\u00e9trica: Milton Gon\u00e7alves (batatinha)<br \/>\n2\u00ba Assistente de El\u00e9trica: Paulo Alexandre moreno da Silva<br \/>\nProdutora: Bruna Bido<br \/>\nAjudantes de Produ\u00e7\u00e3o:<br \/>\nEverson Nego<br \/>\nFabio BJ<br \/>\nProdutor de arte: Italo Matos<br \/>\nContrarregra: Henrique Marinho<br \/>\nAssistente de Contra: Renan Willins Dos Santos Romano<br \/>\nCenografia: all arte cenografia<br \/>\nCoreografia: Fl\u00e1vio Verne<br \/>\nAss. Coreografia: Renan Silveira     <\/p>\n<p>\u25b6\ufe0f FICHA T\u00c9CNICA CHAMELEO:<br \/>\nProdutor art\u00edstico: Henrique Tavares<br \/>\nDiretor de imagem: SCOZ<br \/>\nDiretor gr\u00e1fico: Doug Reder<br \/>\nStyling: Victor Borges<br \/>\nAssistente styling: Jo\u00e3o Pedro Marcelino Duarte<br \/>\nBeauty: Will Cruzes<br \/>\nBrowns: Gabriel Bittencourt<br \/>\nNails: Yoselin<br \/>\nJur\u00eddico: Ana Paula Brink<br \/>\nAssistente: \u00c1lvaro Ant\u00f4nio Ferreira<br \/>\nBallet:<br \/>\nMatheus de Oliveira Espirito Santo<br \/>\nJorge Fernando Mello Rodrigues Sant\u2019Ana<br \/>\nMatheus In\u00e1cio dos Santos<br \/>\nRenan Cesar silveira<\/p>\n<p>Motorista: Hamilton Carvalho Chaves &#8211; Nen\u00ea<br \/>\nAlimenta\u00e7\u00e3o: Edmundo Arlindo<br \/>\nJuliana Cepeda Arlindo<br \/>\nFabiana lima da silva<br \/>\nTestagem contra Covid: ROSSI MEDICINA OCUPACIONAL &#8211; Poliana Medeiros Alves Silva<br \/>\nEdi\u00e7\u00e3o: SCOZ<\/p>\n<p>Ilustra\u00e7\u00e3o: Kriztian Leon<br \/>\nLettering: Doug Reder<br \/>\nColor grading: Leandro Lamezi<\/p>\n<p>Agradecimento especial: Livia Deschermayer, Dylan Dedi, Est\u00fadio Iquiririm<br \/>\nProdu\u00e7\u00e3o Executiva: Federico Devito<\/p>\n<p>\u25b6\ufe0f FICHA T\u00c9CNICA M\u00daSICA:<br \/>\nTOKYO<br \/>\nComposi\u00e7\u00e3o: CHAMELEO, Bibi<br \/>\nProdu\u00e7\u00e3o musical: jvck.<br \/>\nMix e master: Nico Braganholo.<\/p>\n<p>\u25b6\ufe0f LETRA:<br \/>\nTOKYO<br \/>\nSua m\u00e3e ligou, ela t\u00e1 preocupada<br \/>\nJ\u00e1 faz mais de uma semana que voc\u00ea n\u00e3o dorme em casa<\/p>\n<p>Baby ,se for fugir me leva contigo<br \/>\nadoro o perigo, c\u00ea sabe que eu piro nessa sua liberdade<br \/>\nsem rota, s\u00f3 fuga, me busca, me gusta<br \/>\nce sabe que a sua temperatura arde<\/p>\n<p>You know I\u2019ve always wanted to go to Tokyo<br \/>\nbut I want you to take me baby<\/p>\n<p>Tokyo ni tsure teit\u00ea, tokyo ni tsure teit\u00ea<br \/>\nme chama que eu vou com voc\u00ea<\/p>\n<p>Tokyo ni tsure teit\u00ea,<br \/>\nme chama que eu vou com voc\u00ea, me chama que eu vou<\/p>\n<p>J\u00e1 n\u00e3o tava s\u00f3brio<br \/>\nquando olhei na sua cara<br \/>\nTalvez andar no mal caminho era o que eu precisava<\/p>\n<p>Baby, se for fugir me leva contigo<br \/>\nadoro o perigo, c\u00ea sabe que eu piro nessa sua liberdade<br \/>\nsem rota, s\u00f3 fuga, me busca, me gusta<br \/>\ne sabe que a sua temperatura arde<\/p>\n<p>Tokyo ni tsure teit\u00ea, Tokyo ni tsure teit\u00ea<br \/>\nme chama que eu vou com voc\u00ea, me chama que eu vou<\/p>\n<p>#CHAMELEO #ECDISE #TOKYO<\/p>\n","protected":false},"excerpt":{"rendered":"<p>\u25b6\ufe0f OU\u00c7A #ECDISE EM TODAS AS PLATAFORMAS: \u25b6\ufe0f INSCREVA-SE NO MEU CANAL DO YOUTUBE: \u25b6\ufe0f SIGA CHAMELEO NAS REDES SO<\/p>\n","protected":false},"author":3,"featured_media":716357,"comment_status":"","ping_status":"","sticky":false,"template":"","format":"standard","meta":{"footnotes":"","_share_on_mastodon":"0"},"categories":[21045],"tags":[21047,21046,590052,590053,185036,21657,234,185044,22],"class_list":{"0":"post-716356","1":"post","2":"type-post","3":"status-publish","4":"format-standard","5":"has-post-thumbnail","7":"category-celebrity","8":"tag-celebrities","9":"tag-celebrity","10":"tag-chameleo","11":"tag-ecdise","12":"tag-oficial","13":"tag-tokio","14":"tag-tokyo","15":"tag-videoclipe","16":"tag-vlog"},"share_on_mastodon":{"url":"","error":""},"_links":{"self":[{"href":"https:\/\/www.wacoca.com\/videos\/wp-json\/wp\/v2\/posts\/716356","targetHints":{"allow":["GET"]}}],"collection":[{"href":"https:\/\/www.wacoca.com\/videos\/wp-json\/wp\/v2\/posts"}],"about":[{"href":"https:\/\/www.wacoca.com\/videos\/wp-json\/wp\/v2\/types\/post"}],"author":[{"embeddable":true,"href":"https:\/\/www.wacoca.com\/videos\/wp-json\/wp\/v2\/users\/3"}],"replies":[{"embeddable":true,"href":"https:\/\/www.wacoca.com\/videos\/wp-json\/wp\/v2\/comments?post=716356"}],"version-history":[{"count":0,"href":"https:\/\/www.wacoca.com\/videos\/wp-json\/wp\/v2\/posts\/716356\/revisions"}],"wp:featuredmedia":[{"embeddable":true,"href":"https:\/\/www.wacoca.com\/videos\/wp-json\/wp\/v2\/media\/716357"}],"wp:attachment":[{"href":"https:\/\/www.wacoca.com\/videos\/wp-json\/wp\/v2\/media?parent=716356"}],"wp:term":[{"taxonomy":"category","embeddable":true,"href":"https:\/\/www.wacoca.com\/videos\/wp-json\/wp\/v2\/categories?post=716356"},{"taxonomy":"post_tag","embeddable":true,"href":"https:\/\/www.wacoca.com\/videos\/wp-json\/wp\/v2\/tags?post=716356"}],"curies":[{"name":"wp","href":"https:\/\/api.w.org\/{rel}","templated":true}]}}