{"id":65575,"date":"2020-09-21T17:34:47","date_gmt":"2020-09-21T17:34:47","guid":{"rendered":"https:\/\/www.wacoca.com\/videos\/65575\/celebrity\/"},"modified":"2020-09-21T17:34:47","modified_gmt":"2020-09-21T17:34:47","slug":"la-aficion-de-chivas-enfurece-por-ver-reir-a-oribe-y-antuna-con-jugadores-del-america","status":"publish","type":"post","link":"https:\/\/www.wacoca.com\/videos\/65575\/celebrity\/","title":{"rendered":"La afici\u00f3n de Chivas ENFURECE por ver re\u00edr a Oribe y Antuna con jugadores del Am\u00e9rica"},"content":{"rendered":"<p><iframe loading=\"lazy\"  width=\"580\" height=\"385\" src=\"https:\/\/www.youtube.com\/embed\/aFRVd1XUl9M?modestbranding=1\" frameborder=\"0\" allowfullscreen><\/iframe><br \/>\n<br \/>\n**Suscr\u00edbete al canal**:<br \/>\n**Convi\u00e9rtete en Patreon del Canal**  <\/p>\n<p>M\u00fasica: DJ QUADS &#8211; <\/p>\n<p>Soy Kery Ruiz, periodista deportivo. Trabaj\u00e9 en FOX Sports, Goal.com,  Sony, The18.com, Vice Sports y diferentes medios internacionales. Cubr\u00ed el Mundial de Brasil 2014 desde Rio de Janeiro, tres finales de Champions, la Confederaciones 2017 en Rusia y tambi\u00e9n el Mundial del 2018!<br \/>\nAqu\u00ed podr\u00e1s encontrar las mejores noticias de futbol y mucho m\u00e1s sobre el deporte que m\u00e1s amamos.<\/p>\n<p>S\u00edgueme en:<\/p>\n<p>**TWITTER**:<br \/>\n**INSTAGRAM**:<br \/>\n**FACEBOOK**:<br \/>\n**SNAPCHAT**: KereemRuiz<\/p>\n","protected":false},"excerpt":{"rendered":"<p>**Suscr\u00edbete al canal**: **Convi\u00e9rtete en Patreon del Canal** M\u00fasica: DJ QUADS &#8211; Soy Kery Ruiz, periodis<\/p>\n","protected":false},"author":3,"featured_media":65576,"comment_status":"","ping_status":"","sticky":false,"template":"","format":"standard","meta":{"footnotes":"","_share_on_mastodon":"0"},"categories":[21045],"tags":[82216,2359,82209,82220,7418,82202,21047,21046,82193,82199,82221,82203,82204,82195,82200,41350,82217,82207,82192,82205,82191,82214,82206,82208,82222,82210,82215,82213,82211,82212,82197,82194,28360,82218,82198,82196,82219,24146,82201,13754,22],"class_list":{"0":"post-65575","1":"post","2":"type-post","3":"status-publish","4":"format-standard","5":"has-post-thumbnail","7":"category-celebrity","8":"tag-aficion","9":"tag-america","10":"tag-andre-marin","11":"tag-antuna","12":"tag-barcelona","13":"tag-bosser","14":"tag-celebrities","15":"tag-celebrity","16":"tag-champions","17":"tag-chivas","18":"tag-con","19":"tag-cracks","20":"tag-cracks-mx","21":"tag-cristiano","22":"tag-cruz-azul","23":"tag-del","24":"tag-enfurece","25":"tag-faitelson","26":"tag-fifa","27":"tag-fox-sports","28":"tag-futbol","29":"tag-futbol-internacional","30":"tag-futbol-picante","31":"tag-joserra","32":"tag-jugadores","33":"tag-kery-ruiz","34":"tag-kery-sport","35":"tag-kery","36":"tag-kerynews","37":"tag-kerysportsmedia","38":"tag-liga-mx","39":"tag-messi","40":"tag-oribe","41":"tag-por","42":"tag-pumas","43":"tag-real-madrid","44":"tag-reir","45":"tag-risa-oribe","46":"tag-tigres","47":"tag-ver","48":"tag-vlog"},"share_on_mastodon":{"url":"","error":""},"_links":{"self":[{"href":"https:\/\/www.wacoca.com\/videos\/wp-json\/wp\/v2\/posts\/65575","targetHints":{"allow":["GET"]}}],"collection":[{"href":"https:\/\/www.wacoca.com\/videos\/wp-json\/wp\/v2\/posts"}],"about":[{"href":"https:\/\/www.wacoca.com\/videos\/wp-json\/wp\/v2\/types\/post"}],"author":[{"embeddable":true,"href":"https:\/\/www.wacoca.com\/videos\/wp-json\/wp\/v2\/users\/3"}],"replies":[{"embeddable":true,"href":"https:\/\/www.wacoca.com\/videos\/wp-json\/wp\/v2\/comments?post=65575"}],"version-history":[{"count":0,"href":"https:\/\/www.wacoca.com\/videos\/wp-json\/wp\/v2\/posts\/65575\/revisions"}],"wp:featuredmedia":[{"embeddable":true,"href":"https:\/\/www.wacoca.com\/videos\/wp-json\/wp\/v2\/media\/65576"}],"wp:attachment":[{"href":"https:\/\/www.wacoca.com\/videos\/wp-json\/wp\/v2\/media?parent=65575"}],"wp:term":[{"taxonomy":"category","embeddable":true,"href":"https:\/\/www.wacoca.com\/videos\/wp-json\/wp\/v2\/categories?post=65575"},{"taxonomy":"post_tag","embeddable":true,"href":"https:\/\/www.wacoca.com\/videos\/wp-json\/wp\/v2\/tags?post=65575"}],"curies":[{"name":"wp","href":"https:\/\/api.w.org\/{rel}","templated":true}]}}