{"id":524023,"date":"2021-08-29T21:42:35","date_gmt":"2021-08-29T21:42:35","guid":{"rendered":"https:\/\/www.wacoca.com\/videos\/524023\/celebrity\/"},"modified":"2021-08-29T21:42:35","modified_gmt":"2021-08-29T21:42:35","slug":"rodrigo-sepulveda-por-nueva-medalla-de-alberto-abarza-en-tokio-2020-es-un-ejemplo-de-vida","status":"publish","type":"post","link":"https:\/\/www.wacoca.com\/videos\/524023\/celebrity\/","title":{"rendered":"Rodrigo Sep\u00falveda por nueva medalla de Alberto Abarza en Tokio 2020: &quot;Es un ejemplo de vida&quot;"},"content":{"rendered":"<p><iframe loading=\"lazy\"  width=\"580\" height=\"385\" src=\"https:\/\/www.youtube.com\/embed\/absaGxavX4Q?modestbranding=1\" frameborder=\"0\" allowfullscreen><\/iframe><br \/>\n<br \/>\n#Meganoticias #Tokio2020 #JuegosParal\u00edmpicos<br \/>\nEl conductor de Meganoticias, Rodrigo Sep\u00falveda, se refiri\u00f3 este domingo al nuevo logro del nadador chileno Alberto Abarza, quien esta semana gan\u00f3 dos medallas, una de oro y otra de plata, en los Juegos Paral\u00edmpicos de Tokio.<\/p>\n<p>&#8211; Suscr\u00edbete a nuestro canal de YouTube<br \/>\n&#8211; S\u00edguenos en nuestro Facebook<br \/>\n&#8211; S\u00edguenos en nuestro Instagram<br \/>\n&#8211; S\u00edguenos en nuestro Twitter<br \/>\n&#8211; M\u00e1s informaci\u00f3n en <\/p>\n","protected":false},"excerpt":{"rendered":"<p>#Meganoticias #Tokio2020 #JuegosParal\u00edmpicos El conductor de Meganoticias, Rodrigo Sep\u00falveda, se refiri\u00f3 este <\/p>\n","protected":false},"author":3,"featured_media":524024,"comment_status":"","ping_status":"","sticky":false,"template":"","format":"standard","meta":{"footnotes":"","_share_on_mastodon":"0"},"categories":[21045],"tags":[462289,462288,21047,21046,462290,329132,462287,82218,37715,462285,462286,21657,462291,22],"class_list":{"0":"post-524023","1":"post","2":"type-post","3":"status-publish","4":"format-standard","5":"has-post-thumbnail","7":"category-celebrity","8":"tag-abarza","9":"tag-alberto","10":"tag-celebrities","11":"tag-celebrity","12":"tag-ejemplo","13":"tag-medalla","14":"tag-nueva","15":"tag-por","16":"tag-quotes","17":"tag-rodrigo","18":"tag-sepulveda","19":"tag-tokio","20":"tag-vidaquot","21":"tag-vlog"},"share_on_mastodon":{"url":"","error":""},"_links":{"self":[{"href":"https:\/\/www.wacoca.com\/videos\/wp-json\/wp\/v2\/posts\/524023","targetHints":{"allow":["GET"]}}],"collection":[{"href":"https:\/\/www.wacoca.com\/videos\/wp-json\/wp\/v2\/posts"}],"about":[{"href":"https:\/\/www.wacoca.com\/videos\/wp-json\/wp\/v2\/types\/post"}],"author":[{"embeddable":true,"href":"https:\/\/www.wacoca.com\/videos\/wp-json\/wp\/v2\/users\/3"}],"replies":[{"embeddable":true,"href":"https:\/\/www.wacoca.com\/videos\/wp-json\/wp\/v2\/comments?post=524023"}],"version-history":[{"count":0,"href":"https:\/\/www.wacoca.com\/videos\/wp-json\/wp\/v2\/posts\/524023\/revisions"}],"wp:featuredmedia":[{"embeddable":true,"href":"https:\/\/www.wacoca.com\/videos\/wp-json\/wp\/v2\/media\/524024"}],"wp:attachment":[{"href":"https:\/\/www.wacoca.com\/videos\/wp-json\/wp\/v2\/media?parent=524023"}],"wp:term":[{"taxonomy":"category","embeddable":true,"href":"https:\/\/www.wacoca.com\/videos\/wp-json\/wp\/v2\/categories?post=524023"},{"taxonomy":"post_tag","embeddable":true,"href":"https:\/\/www.wacoca.com\/videos\/wp-json\/wp\/v2\/tags?post=524023"}],"curies":[{"name":"wp","href":"https:\/\/api.w.org\/{rel}","templated":true}]}}