{"id":427781,"date":"2021-07-17T19:27:02","date_gmt":"2021-07-17T19:27:02","guid":{"rendered":"https:\/\/www.wacoca.com\/videos\/427781\/celebrity\/"},"modified":"2021-07-17T19:27:02","modified_gmt":"2021-07-17T19:27:02","slug":"protestan-contra-los-jj-oo-en-las-calles-de-tokio","status":"publish","type":"post","link":"https:\/\/www.wacoca.com\/videos\/427781\/celebrity\/","title":{"rendered":"Protestan contra los JJ.OO. en las calles de Tokio"},"content":{"rendered":"<p><iframe loading=\"lazy\"  width=\"580\" height=\"385\" src=\"https:\/\/www.youtube.com\/embed\/IoAKgnWEvZM?modestbranding=1\" frameborder=\"0\" allowfullscreen><\/iframe><br \/>\n<br \/>\nGrupos de manifestantes se reunieron en Tokio para protestar contra los Juegos Ol\u00edmpicos de 2020 el 16 de julio, siete d\u00edas antes de su inicio, pidiendo la cancelaci\u00f3n del evento debido a la pandemia. <\/p>\n<p>En medio de protestas similares y un aumento de los casos de covid-19 en el pa\u00eds, el primer ministro japon\u00e9s, Yoshihide Suga, declar\u00f3 de nuevo el estado de emergencia en Tokio hasta el 22 de agosto. Esta decisi\u00f3n significa que ning\u00fan aficionado, ni siquiera los residentes locales, podr\u00e1 asistir a la competici\u00f3n. <\/p>\n<p>Los Juegos Ol\u00edmpicos de Tokio 2020 comenzar\u00e1n el 23 de julio y se prolongar\u00e1n hasta el 8 de agosto, despu\u00e9s de haber sido aplazados el a\u00f1o pasado debido a la pandemia mundial.<\/p>\n<p>Suscr\u00edbete a nuestro canal de eventos en vivo:<\/p>\n<p>RT en Twitter:<br \/>\nRT en Facebook:<br \/>\nRT en Telegram: <\/p>\n<p>Vea nuestra se\u00f1al en vivo: <\/p>\n<p>RT EN ESPA\u00d1OL: DESDE RUSIA CON INFORMACI\u00d3N<\/p>\n<p>#RTenEspa\u00f1ol<\/p>\n","protected":false},"excerpt":{"rendered":"<p>Grupos de manifestantes se reunieron en Tokio para protestar contra los Juegos Ol\u00edmpicos de 2020 el 16 de juli<\/p>\n","protected":false},"author":3,"featured_media":427782,"comment_status":"","ping_status":"","sticky":false,"template":"","format":"standard","meta":{"footnotes":"","_share_on_mastodon":"0"},"categories":[21045],"tags":[389895,21047,21046,389894,285042,142300,56155,285017,389892,389893,389885,389887,389891,389886,389890,389888,389889,21657,22],"class_list":{"0":"post-427781","1":"post","2":"type-post","3":"status-publish","4":"format-standard","5":"has-post-thumbnail","7":"category-celebrity","8":"tag-calles","9":"tag-celebrities","10":"tag-celebrity","11":"tag-contra","12":"tag-jjoo","13":"tag-las","14":"tag-los","15":"tag-noticias","16":"tag-noticias-en-vivo","17":"tag-protestan","18":"tag-rt","19":"tag-rt-en-espanol","20":"tag-rt-en-vivo","21":"tag-rt-espanol","22":"tag-rt-noticias","23":"tag-rtenespanol","24":"tag-rusia","25":"tag-tokio","26":"tag-vlog"},"share_on_mastodon":{"url":"","error":""},"_links":{"self":[{"href":"https:\/\/www.wacoca.com\/videos\/wp-json\/wp\/v2\/posts\/427781","targetHints":{"allow":["GET"]}}],"collection":[{"href":"https:\/\/www.wacoca.com\/videos\/wp-json\/wp\/v2\/posts"}],"about":[{"href":"https:\/\/www.wacoca.com\/videos\/wp-json\/wp\/v2\/types\/post"}],"author":[{"embeddable":true,"href":"https:\/\/www.wacoca.com\/videos\/wp-json\/wp\/v2\/users\/3"}],"replies":[{"embeddable":true,"href":"https:\/\/www.wacoca.com\/videos\/wp-json\/wp\/v2\/comments?post=427781"}],"version-history":[{"count":0,"href":"https:\/\/www.wacoca.com\/videos\/wp-json\/wp\/v2\/posts\/427781\/revisions"}],"wp:featuredmedia":[{"embeddable":true,"href":"https:\/\/www.wacoca.com\/videos\/wp-json\/wp\/v2\/media\/427782"}],"wp:attachment":[{"href":"https:\/\/www.wacoca.com\/videos\/wp-json\/wp\/v2\/media?parent=427781"}],"wp:term":[{"taxonomy":"category","embeddable":true,"href":"https:\/\/www.wacoca.com\/videos\/wp-json\/wp\/v2\/categories?post=427781"},{"taxonomy":"post_tag","embeddable":true,"href":"https:\/\/www.wacoca.com\/videos\/wp-json\/wp\/v2\/tags?post=427781"}],"curies":[{"name":"wp","href":"https:\/\/api.w.org\/{rel}","templated":true}]}}