{"id":405805,"date":"2021-07-08T19:36:16","date_gmt":"2021-07-08T19:36:16","guid":{"rendered":"https:\/\/www.wacoca.com\/videos\/405805\/celebrity\/"},"modified":"2021-07-08T19:36:16","modified_gmt":"2021-07-08T19:36:16","slug":"rumbo-a-tokio-japon-declara-el-estado-de-emergencia","status":"publish","type":"post","link":"https:\/\/www.wacoca.com\/videos\/405805\/celebrity\/","title":{"rendered":"Rumbo a Tokio: Jap\u00f3n declara el estado de emergencia"},"content":{"rendered":"<p><iframe loading=\"lazy\"  width=\"580\" height=\"385\" src=\"https:\/\/www.youtube.com\/embed\/A9_9qwhGeEU?modestbranding=1\" frameborder=\"0\" allowfullscreen><\/iframe><br \/>\n<br \/>\nLN+ EN VIVO las 24 horas<\/p>\n<p>Suscribite a LA NACION: <\/p>\n<p>Mir\u00e1 m\u00e1s contenidos en:  <\/p>\n<p>Seguinos en:<br \/>\nFacebook:<br \/>\nTwitter:<br \/>\nInstagram: <\/p>\n<p>Gracias por mirar.<\/p>\n<p>LN+, el canal de televisi\u00f3n de LA NACION.<br \/>\nEncontranos en DirectTV (715 y 1715), Cablevisi\u00f3n (19 Cl\u00e1sico y Digital, HD y Flow), TDA (25.3), TeleRed (18 B\u00e1sico y Digital), TeleCentro (705Digital), Antina (6 Digital), Supercanal (9 Digital) y Movistar TV\/ Play (101).<\/p>\n","protected":false},"excerpt":{"rendered":"<p>LN+ EN VIVO las 24 horas Suscribite a LA NACION: Mir\u00e1 m\u00e1s contenidos en: Seguinos en: Facebook: Twitter: Insta<\/p>\n","protected":false},"author":3,"featured_media":405806,"comment_status":"","ping_status":"","sticky":false,"template":"","format":"standard","meta":{"footnotes":"","_share_on_mastodon":"0"},"categories":[21045],"tags":[21047,21046,373264,373266,373265,58391,310664,21657,22],"class_list":{"0":"post-405805","1":"post","2":"type-post","3":"status-publish","4":"format-standard","5":"has-post-thumbnail","7":"category-celebrity","8":"tag-celebrities","9":"tag-celebrity","10":"tag-declara","11":"tag-emergencia","12":"tag-estado","13":"tag-japon","14":"tag-rumbo","15":"tag-tokio","16":"tag-vlog"},"share_on_mastodon":{"url":"","error":""},"_links":{"self":[{"href":"https:\/\/www.wacoca.com\/videos\/wp-json\/wp\/v2\/posts\/405805","targetHints":{"allow":["GET"]}}],"collection":[{"href":"https:\/\/www.wacoca.com\/videos\/wp-json\/wp\/v2\/posts"}],"about":[{"href":"https:\/\/www.wacoca.com\/videos\/wp-json\/wp\/v2\/types\/post"}],"author":[{"embeddable":true,"href":"https:\/\/www.wacoca.com\/videos\/wp-json\/wp\/v2\/users\/3"}],"replies":[{"embeddable":true,"href":"https:\/\/www.wacoca.com\/videos\/wp-json\/wp\/v2\/comments?post=405805"}],"version-history":[{"count":0,"href":"https:\/\/www.wacoca.com\/videos\/wp-json\/wp\/v2\/posts\/405805\/revisions"}],"wp:featuredmedia":[{"embeddable":true,"href":"https:\/\/www.wacoca.com\/videos\/wp-json\/wp\/v2\/media\/405806"}],"wp:attachment":[{"href":"https:\/\/www.wacoca.com\/videos\/wp-json\/wp\/v2\/media?parent=405805"}],"wp:term":[{"taxonomy":"category","embeddable":true,"href":"https:\/\/www.wacoca.com\/videos\/wp-json\/wp\/v2\/categories?post=405805"},{"taxonomy":"post_tag","embeddable":true,"href":"https:\/\/www.wacoca.com\/videos\/wp-json\/wp\/v2\/tags?post=405805"}],"curies":[{"name":"wp","href":"https:\/\/api.w.org\/{rel}","templated":true}]}}