{"id":353492,"date":"2021-06-13T20:00:03","date_gmt":"2021-06-13T20:00:03","guid":{"rendered":"https:\/\/www.wacoca.com\/videos\/353492\/celebrity\/"},"modified":"2021-06-13T20:00:03","modified_gmt":"2021-06-13T20:00:03","slug":"%f0%9f%9a%a8definidos-los-refuerzos-de-la-seleccion-mexicana-olimpica-para-tokio-seleccion-mexicana-2021","status":"publish","type":"post","link":"https:\/\/www.wacoca.com\/videos\/353492\/celebrity\/","title":{"rendered":"\ud83d\udea8DEFINIDOS los REFUERZOS de la selecci\u00f3n mexicana ol\u00edmpica para TOKIO | Selecci\u00f3n Mexicana 2021"},"content":{"rendered":"<p><iframe loading=\"lazy\"  width=\"580\" height=\"385\" src=\"https:\/\/www.youtube.com\/embed\/W5G-DHN5Uz0?modestbranding=1\" frameborder=\"0\" allowfullscreen><\/iframe><br \/>\n<br \/>\nDEFINIDOS los REFUERZOS de la selecci\u00f3n mexicana ol\u00edmpica para TOKIO Selecci\u00f3n Mexicana 2021<\/p>\n<p>Jes\u00fas Bernal nos tiene el nombre de los tres jugadores que en teor\u00eda ser\u00e1n los refuerzos de la selecci\u00f3n mexicana de futbol para los juegos ol\u00edmpicos de Tokio 2020.<br \/>\nJaime Lozano dar\u00e1 en los pr\u00f3ximos d\u00edas la lista de 18 jugadores que ir\u00e1n a los juegos ol\u00edmpicos con la selecci\u00f3n mexicana.<\/p>\n<p>#JesusBernal #SeleccionMexicana #FutbolMexicano<\/p>\n","protected":false},"excerpt":{"rendered":"<p>DEFINIDOS los REFUERZOS de la selecci\u00f3n mexicana ol\u00edmpica para TOKIO Selecci\u00f3n Mexicana 2021 Jes\u00fas Bernal nos <\/p>\n","protected":false},"author":3,"featured_media":353493,"comment_status":"","ping_status":"","sticky":false,"template":"","format":"standard","meta":{"footnotes":"","_share_on_mastodon":"0"},"categories":[21045],"tags":[21047,21046,329375,310650,329368,329369,329371,329366,329367,82197,56155,329370,291510,329374,329372,329373,310665,56154,329376,329365,329364,329363,161043,86682,329362,329361,329360,329359,21657,266739,22],"class_list":{"0":"post-353492","1":"post","2":"type-post","3":"status-publish","4":"format-standard","5":"has-post-thumbnail","7":"category-celebrity","8":"tag-celebrities","9":"tag-celebrity","10":"tag-definidos","11":"tag-futbol-mexicano","12":"tag-guillermo-ochoa","13":"tag-henry-martin","14":"tag-jaime-lozano","15":"tag-jesus-bernal","16":"tag-jesus-bernal-hoy","17":"tag-liga-mx","18":"tag-los","19":"tag-luis-romo","20":"tag-mexicana","21":"tag-noticias-futbol-mexicano","22":"tag-noticias-seleccion-mexciana","23":"tag-noticias-seleccion-mexicana-sub-23","24":"tag-olimpica","25":"tag-para","26":"tag-refuerzos","27":"tag-refuerzos-seleccion-olimpica-2021","28":"tag-refuerzos-seleccion-sub-23","29":"tag-refuerzos-seleecion-olimpica","30":"tag-seleccion","31":"tag-seleccion-mexicana","32":"tag-seleccion-mexicana-olimpica","33":"tag-seleccion-mexicana-olimpica-2021","34":"tag-seleccion-mexicana-preolimpica","35":"tag-seleccion-mexicana-sub-23","36":"tag-tokio","37":"tag-tokio-2020","38":"tag-vlog"},"share_on_mastodon":{"url":"","error":""},"_links":{"self":[{"href":"https:\/\/www.wacoca.com\/videos\/wp-json\/wp\/v2\/posts\/353492","targetHints":{"allow":["GET"]}}],"collection":[{"href":"https:\/\/www.wacoca.com\/videos\/wp-json\/wp\/v2\/posts"}],"about":[{"href":"https:\/\/www.wacoca.com\/videos\/wp-json\/wp\/v2\/types\/post"}],"author":[{"embeddable":true,"href":"https:\/\/www.wacoca.com\/videos\/wp-json\/wp\/v2\/users\/3"}],"replies":[{"embeddable":true,"href":"https:\/\/www.wacoca.com\/videos\/wp-json\/wp\/v2\/comments?post=353492"}],"version-history":[{"count":0,"href":"https:\/\/www.wacoca.com\/videos\/wp-json\/wp\/v2\/posts\/353492\/revisions"}],"wp:featuredmedia":[{"embeddable":true,"href":"https:\/\/www.wacoca.com\/videos\/wp-json\/wp\/v2\/media\/353493"}],"wp:attachment":[{"href":"https:\/\/www.wacoca.com\/videos\/wp-json\/wp\/v2\/media?parent=353492"}],"wp:term":[{"taxonomy":"category","embeddable":true,"href":"https:\/\/www.wacoca.com\/videos\/wp-json\/wp\/v2\/categories?post=353492"},{"taxonomy":"post_tag","embeddable":true,"href":"https:\/\/www.wacoca.com\/videos\/wp-json\/wp\/v2\/tags?post=353492"}],"curies":[{"name":"wp","href":"https:\/\/api.w.org\/{rel}","templated":true}]}}