{"id":33035,"date":"2018-05-15T15:55:33","date_gmt":"2018-05-15T15:55:33","guid":{"rendered":"https:\/\/www.wacoca.com\/videos\/33035\/celebrity\/"},"modified":"2018-05-15T15:55:33","modified_gmt":"2018-05-15T15:55:33","slug":"netemo-sametemo-cannes-2018-press-conference-ev","status":"publish","type":"post","link":"https:\/\/www.wacoca.com\/videos\/33035\/celebrity\/","title":{"rendered":"NETEMO SAMETEMO &#8211; Cannes 2018 &#8211; Press Conference &#8211; EV"},"content":{"rendered":"<p><iframe loading=\"lazy\"  width=\"580\" height=\"385\" src=\"https:\/\/www.youtube.com\/embed\/9UNquEjXe_4?modestbranding=1\" frameborder=\"0\" allowfullscreen><\/iframe><br \/>\n<br \/>\nPress Conference NETEMO SAMETEMO  de Hamaguchi Ryusuke avec  Higashide Masahiro, Karata Erika<\/p>\n<p>********************************************************<br \/>\nSubscribe to the Festival de Cannes channel:<br \/>\nOur official website:<br \/>\nTwitter :<br \/>\nFacebook :<br \/>\nInstagram:  <\/p>\n<p>********************************************************<br \/>\nAbonnez-vous \u00e0 la cha\u00eene du Festival de Cannes pour ne rien rater de la Comp\u00e9tition:<br \/>\nLe site officiel du festival de Cannes:<br \/>\nTwitter :<br \/>\nFacebook :<br \/>\nInstagram: <\/p>\n","protected":false},"excerpt":{"rendered":"<p>Press Conference NETEMO SAMETEMO de Hamaguchi Ryusuke avec Higashide Masahiro, Karata Erika ******************<\/p>\n","protected":false},"author":3,"featured_media":33036,"comment_status":"","ping_status":"","sticky":false,"template":"","format":"standard","meta":{"footnotes":"","_share_on_mastodon":"0"},"categories":[21045],"tags":[36310,36313,21047,21046,22894,36317,44518,36311,36312,36314,36318,49085,36315,36319,36316,36001,22,21354],"class_list":{"0":"post-33035","1":"post","2":"type-post","3":"status-publish","4":"format-standard","5":"has-post-thumbnail","7":"category-celebrity","8":"tag-cannes","9":"tag-cannes-film-festival","10":"tag-celebrities","11":"tag-celebrity","12":"tag-cinema","13":"tag-competition","14":"tag-conference","15":"tag-festival-de-cannes","16":"tag-films","17":"tag-montee-des-marches","18":"tag-netemo","19":"tag-press","20":"tag-red-carpet","21":"tag-sametemo","22":"tag-selection-officielle","23":"tag-stars","24":"tag-vlog","25":"tag--anne-watanabe"},"share_on_mastodon":{"url":"","error":""},"_links":{"self":[{"href":"https:\/\/www.wacoca.com\/videos\/wp-json\/wp\/v2\/posts\/33035","targetHints":{"allow":["GET"]}}],"collection":[{"href":"https:\/\/www.wacoca.com\/videos\/wp-json\/wp\/v2\/posts"}],"about":[{"href":"https:\/\/www.wacoca.com\/videos\/wp-json\/wp\/v2\/types\/post"}],"author":[{"embeddable":true,"href":"https:\/\/www.wacoca.com\/videos\/wp-json\/wp\/v2\/users\/3"}],"replies":[{"embeddable":true,"href":"https:\/\/www.wacoca.com\/videos\/wp-json\/wp\/v2\/comments?post=33035"}],"version-history":[{"count":0,"href":"https:\/\/www.wacoca.com\/videos\/wp-json\/wp\/v2\/posts\/33035\/revisions"}],"wp:featuredmedia":[{"embeddable":true,"href":"https:\/\/www.wacoca.com\/videos\/wp-json\/wp\/v2\/media\/33036"}],"wp:attachment":[{"href":"https:\/\/www.wacoca.com\/videos\/wp-json\/wp\/v2\/media?parent=33035"}],"wp:term":[{"taxonomy":"category","embeddable":true,"href":"https:\/\/www.wacoca.com\/videos\/wp-json\/wp\/v2\/categories?post=33035"},{"taxonomy":"post_tag","embeddable":true,"href":"https:\/\/www.wacoca.com\/videos\/wp-json\/wp\/v2\/tags?post=33035"}],"curies":[{"name":"wp","href":"https:\/\/api.w.org\/{rel}","templated":true}]}}