{"id":324139,"date":"2021-06-03T12:00:06","date_gmt":"2021-06-03T12:00:06","guid":{"rendered":"https:\/\/www.wacoca.com\/videos\/324139\/celebrity\/"},"modified":"2021-06-03T12:00:06","modified_gmt":"2021-06-03T12:00:06","slug":"edson-no-ira-a-tokio-elias-hernandez-regresa-a-leon-mauro-quiroga-a-prestamo-en-necaxa","status":"publish","type":"post","link":"https:\/\/www.wacoca.com\/videos\/324139\/celebrity\/","title":{"rendered":"EDSON NO IR\u00c1 A TOKIO | EL\u00cdAS HERN\u00c1NDEZ REGRESA A LE\u00d3N | MAURO QUIROGA A PRESTAMO EN NECAXA"},"content":{"rendered":"<p><iframe loading=\"lazy\"  width=\"580\" height=\"385\" src=\"https:\/\/www.youtube.com\/embed\/Iv4M4mgHOrY?modestbranding=1\" frameborder=\"0\" allowfullscreen><\/iframe><br \/>\n<br \/>\nNacho Ambr\u00edz ya tendr\u00eda un nuevo equipo, Jonathan dos Santos es baja del Tri y Necaxa anuncia el regreso de Mauro Quiroga<\/p>\n<p>00:00 Intro y saludo<br \/>\n00:13 Miguel Lay\u00fan<br \/>\n00:22 Le\u00f3n<br \/>\n00:29 Necaxa<br \/>\n00:36 Chivas<br \/>\n00:44 Nacho Ambr\u00edz<br \/>\n00:52 Cruz Azul<br \/>\n01:00 Gignac<br \/>\n01:10 Selecci\u00f3n Mexicana sub-23<br \/>\n01:21 Edson \u00c1lvarez<br \/>\n01:32 Andr\u00e9s Guardado<br \/>\n01:41 Selecci\u00f3n Mexicana<br \/>\n01:49 Barcelona<br \/>\n01:57 Despedida<\/p>\n<p>Puntos en la quiniela: <\/p>\n<p>Suscr\u00edbete al canal:<br \/>\nTwitch de Pedro:<br \/>\nTwitch de Manuel: <\/p>\n<p>Redes sociales.<br \/>\nFacebook: facebook.com\/DexterosMX<br \/>\nTwitter: twitter.com\/deporterosMx<br \/>\nInstagram:<br \/>\nTikTok: tiktok.com\/@deporterosmx<\/p>\n<p>Correo de contacto: contacto@deporteros.com.mx<\/p>\n","protected":false},"excerpt":{"rendered":"<p>Nacho Ambr\u00edz ya tendr\u00eda un nuevo equipo, Jonathan dos Santos es baja del Tri y Necaxa anuncia el regreso de Ma<\/p>\n","protected":false},"author":3,"featured_media":324140,"comment_status":"","ping_status":"","sticky":false,"template":"","format":"standard","meta":{"footnotes":"","_share_on_mastodon":"0"},"categories":[21045],"tags":[20632,304530,304535,304526,2359,304533,304536,7418,21047,21046,304512,4993,304539,82200,304528,304504,304506,304505,304534,304517,34459,304532,82191,304531,304511,304537,304518,304522,304525,63867,304538,304514,304516,304509,304510,304520,82194,291510,304523,304513,227474,304524,304519,304529,285017,304508,304507,21697,304541,304521,304515,304540,304527,161043,7641,21657,266739,102937,22],"class_list":{"0":"post-324139","1":"post","2":"type-post","3":"status-publish","4":"format-standard","5":"has-post-thumbnail","7":"category-celebrity","8":"tag-20632","9":"tag-aguilar","10":"tag-alvarez","11":"tag-ambriz","12":"tag-america","13":"tag-amistosos","14":"tag-andres","15":"tag-barcelona","16":"tag-celebrities","17":"tag-celebrity","18":"tag-clausura-2021","19":"tag-club","20":"tag-cordova","21":"tag-cruz-azul","22":"tag-cuervos","23":"tag-deporteros","24":"tag-deporteros-mx","25":"tag-deporterosmx","26":"tag-edson","27":"tag-elias","28":"tag-football","29":"tag-francia","30":"tag-futbol","31":"tag-gignac","32":"tag-guard1anes-2021","33":"tag-guardado","34":"tag-hernandez","35":"tag-hiram","36":"tag-ignacio","37":"tag-ira","38":"tag-jonathan-dos-santos","39":"tag-layun","40":"tag-leon","41":"tag-liga","42":"tag-liga-mx-2021","43":"tag-mauro","44":"tag-messi","45":"tag-mexicana","46":"tag-mier","47":"tag-miguel","48":"tag-mx","49":"tag-nacho","50":"tag-necaxa","51":"tag-negros","52":"tag-noticias","53":"tag-noticias-deportivas","54":"tag-noticias-hoy","55":"tag-pablo","56":"tag-prestamo","57":"tag-quiroga","58":"tag-rayados","59":"tag-regresa","60":"tag-san-luis","61":"tag-seleccion","62":"tag-soccer","63":"tag-tokio","64":"tag-tokio-2020","65":"tag-tri","66":"tag-vlog"},"share_on_mastodon":{"url":"","error":""},"_links":{"self":[{"href":"https:\/\/www.wacoca.com\/videos\/wp-json\/wp\/v2\/posts\/324139","targetHints":{"allow":["GET"]}}],"collection":[{"href":"https:\/\/www.wacoca.com\/videos\/wp-json\/wp\/v2\/posts"}],"about":[{"href":"https:\/\/www.wacoca.com\/videos\/wp-json\/wp\/v2\/types\/post"}],"author":[{"embeddable":true,"href":"https:\/\/www.wacoca.com\/videos\/wp-json\/wp\/v2\/users\/3"}],"replies":[{"embeddable":true,"href":"https:\/\/www.wacoca.com\/videos\/wp-json\/wp\/v2\/comments?post=324139"}],"version-history":[{"count":0,"href":"https:\/\/www.wacoca.com\/videos\/wp-json\/wp\/v2\/posts\/324139\/revisions"}],"wp:featuredmedia":[{"embeddable":true,"href":"https:\/\/www.wacoca.com\/videos\/wp-json\/wp\/v2\/media\/324140"}],"wp:attachment":[{"href":"https:\/\/www.wacoca.com\/videos\/wp-json\/wp\/v2\/media?parent=324139"}],"wp:term":[{"taxonomy":"category","embeddable":true,"href":"https:\/\/www.wacoca.com\/videos\/wp-json\/wp\/v2\/categories?post=324139"},{"taxonomy":"post_tag","embeddable":true,"href":"https:\/\/www.wacoca.com\/videos\/wp-json\/wp\/v2\/tags?post=324139"}],"curies":[{"name":"wp","href":"https:\/\/api.w.org\/{rel}","templated":true}]}}