{"id":3124189,"date":"2013-12-16T15:13:43","date_gmt":"2013-12-16T15:13:43","guid":{"rendered":"https:\/\/www.wacoca.com\/videos\/3124189\/model\/"},"modified":"2013-12-16T15:13:43","modified_gmt":"2013-12-16T15:13:43","slug":"vanessa-paradis-a-lecole-des-fans-archive-ina","status":"publish","type":"post","link":"https:\/\/www.wacoca.com\/videos\/3124189\/model\/","title":{"rendered":"Vanessa Paradis \u00e0 l&#8217;\u00e9cole des fans | Archive INA"},"content":{"rendered":"<p><iframe loading=\"lazy\"  width=\"580\" height=\"385\" src=\"https:\/\/www.youtube.com\/embed\/MYVl29nxOe0?modestbranding=1\" frameborder=\"0\" allowfullscreen><\/iframe><br \/>\n<br \/>\nAbonnez-vous http:\/\/bit.ly\/Inastars<br \/>\n03 mai 1981<br \/>\nJacques MARTIN pr\u00e9sente une jeune candidate \u00e0 l&#8217;\u00e9cole des fans, Vanessa PARADIS, 7 ans qui chante &#8221; Emilie Jolie &#8221; de Philippe CHATEL, pr\u00e9sent sur le plateau. Dans le public, ses parents et Didier PAIN, son parrain.<\/p>\n<p>Images d&#8217;archive INA<br \/>\nInstitut National de l&#8217;Audiovisuel<br \/>\nhttp:\/\/www.ina.fr Abonnez-vous http:\/\/www.youtube.com\/subscription_center?add_user=Inastars #INA #People<\/p>\n","protected":false},"excerpt":{"rendered":"<p>Abonnez-vous http:\/\/bit.ly\/Inastars 03 mai 1981 Jacques MARTIN pr\u00e9sente une jeune candidate \u00e0 l&#8217;\u00e9cole de<\/p>\n","protected":false},"author":3,"featured_media":3124190,"comment_status":"open","ping_status":"","sticky":false,"template":"","format":"standard","meta":{"footnotes":"","_share_on_mastodon":"0"},"categories":[627838],"tags":[1003175,1087864,459235,22894,1942056,1942051,43506,65763,1942059,22484,1323995,183845,1942054,1942053,47717,1942055,1942057,36001,627860,35151,2344,1942058,1942052,637405],"class_list":{"0":"post-3124189","1":"post","2":"type-post","3":"status-publish","4":"format-standard","5":"has-post-thumbnail","7":"category-model","8":"tag-acteur","9":"tag-chanson","10":"tag-chansons","11":"tag-cinema","12":"tag-emilie-jolie","13":"tag-exclusif","14":"tag-exclusive","15":"tag-french","16":"tag-institut-national-de-laudiovisuel-production-company","17":"tag-interview","18":"tag-interview-part","19":"tag-interviews","20":"tag-jacques-martin-author","21":"tag-lecole-des-fans","22":"tag-musique","23":"tag-philippe-chatel","24":"tag-premiere-tele","25":"tag-stars","26":"tag-supermodel","27":"tag-theatre","28":"tag-tv","29":"tag-vanessa-paradis-celebrity","30":"tag-vanessa-paradis-musical-artist","31":"tag-637405"},"share_on_mastodon":{"url":"","error":""},"_links":{"self":[{"href":"https:\/\/www.wacoca.com\/videos\/wp-json\/wp\/v2\/posts\/3124189","targetHints":{"allow":["GET"]}}],"collection":[{"href":"https:\/\/www.wacoca.com\/videos\/wp-json\/wp\/v2\/posts"}],"about":[{"href":"https:\/\/www.wacoca.com\/videos\/wp-json\/wp\/v2\/types\/post"}],"author":[{"embeddable":true,"href":"https:\/\/www.wacoca.com\/videos\/wp-json\/wp\/v2\/users\/3"}],"replies":[{"embeddable":true,"href":"https:\/\/www.wacoca.com\/videos\/wp-json\/wp\/v2\/comments?post=3124189"}],"version-history":[{"count":0,"href":"https:\/\/www.wacoca.com\/videos\/wp-json\/wp\/v2\/posts\/3124189\/revisions"}],"wp:featuredmedia":[{"embeddable":true,"href":"https:\/\/www.wacoca.com\/videos\/wp-json\/wp\/v2\/media\/3124190"}],"wp:attachment":[{"href":"https:\/\/www.wacoca.com\/videos\/wp-json\/wp\/v2\/media?parent=3124189"}],"wp:term":[{"taxonomy":"category","embeddable":true,"href":"https:\/\/www.wacoca.com\/videos\/wp-json\/wp\/v2\/categories?post=3124189"},{"taxonomy":"post_tag","embeddable":true,"href":"https:\/\/www.wacoca.com\/videos\/wp-json\/wp\/v2\/tags?post=3124189"}],"curies":[{"name":"wp","href":"https:\/\/api.w.org\/{rel}","templated":true}]}}