{"id":3114110,"date":"2025-03-26T23:40:49","date_gmt":"2025-03-26T23:40:49","guid":{"rendered":"https:\/\/www.wacoca.com\/videos\/3114110\/voice-actor\/"},"modified":"2025-03-26T23:40:49","modified_gmt":"2025-03-26T23:40:49","slug":"zayn-malik-25-marzo-2025","status":"publish","type":"post","link":"https:\/\/www.wacoca.com\/videos\/3114110\/voice-actor\/","title":{"rendered":"Zayn Malik 25 Marzo 2025"},"content":{"rendered":"<p><iframe loading=\"lazy\"  width=\"580\" height=\"385\" src=\"https:\/\/www.youtube.com\/embed\/_S27gWK2wfU?modestbranding=1\" frameborder=\"0\" allowfullscreen><\/iframe><br \/>\n<br \/>\nPrimer  concierto de zayn malik en Ciudad de M\u00e9xico.<br \/>\nnuestro peque\u00f1o hombrecito de brandford enloqueci\u00f3 a las directioners mexicanas en el palacio de los deportes \u2764\ufe0f\u200d\ud83e\ude79.<br \/>\n#zayn #zaynmalik #malik #StairwaytoTheSkyTour #M\u00e9xico #cdmx #palaciodelosdeportes #directioners #onedirection #1D #bradford #concierto <\/p>\n<p>todos los derechos de las canciones y presentacion son de Zayn Malik<\/p>\n","protected":false},"excerpt":{"rendered":"<p>Primer concierto de zayn malik en Ciudad de M\u00e9xico. nuestro peque\u00f1o hombrecito de brandford enloqueci\u00f3 a las d<\/p>\n","protected":false},"author":3,"featured_media":3114111,"comment_status":"open","ping_status":"","sticky":false,"template":"","format":"standard","meta":{"footnotes":"","_share_on_mastodon":"0"},"categories":[171660],"tags":[173508,1936747,22,129723,173507,173498,862,33002],"class_list":{"0":"post-3114110","1":"post","2":"type-post","3":"status-publish","4":"format-standard","5":"has-post-thumbnail","7":"category-voice-actor","8":"tag-malik","9":"tag-marzo","10":"tag-vlog","11":"tag-voice-actor","12":"tag-zayn","13":"tag--zayn","14":"tag-862","15":"tag-33002"},"share_on_mastodon":{"url":"","error":""},"_links":{"self":[{"href":"https:\/\/www.wacoca.com\/videos\/wp-json\/wp\/v2\/posts\/3114110","targetHints":{"allow":["GET"]}}],"collection":[{"href":"https:\/\/www.wacoca.com\/videos\/wp-json\/wp\/v2\/posts"}],"about":[{"href":"https:\/\/www.wacoca.com\/videos\/wp-json\/wp\/v2\/types\/post"}],"author":[{"embeddable":true,"href":"https:\/\/www.wacoca.com\/videos\/wp-json\/wp\/v2\/users\/3"}],"replies":[{"embeddable":true,"href":"https:\/\/www.wacoca.com\/videos\/wp-json\/wp\/v2\/comments?post=3114110"}],"version-history":[{"count":0,"href":"https:\/\/www.wacoca.com\/videos\/wp-json\/wp\/v2\/posts\/3114110\/revisions"}],"wp:featuredmedia":[{"embeddable":true,"href":"https:\/\/www.wacoca.com\/videos\/wp-json\/wp\/v2\/media\/3114111"}],"wp:attachment":[{"href":"https:\/\/www.wacoca.com\/videos\/wp-json\/wp\/v2\/media?parent=3114110"}],"wp:term":[{"taxonomy":"category","embeddable":true,"href":"https:\/\/www.wacoca.com\/videos\/wp-json\/wp\/v2\/categories?post=3114110"},{"taxonomy":"post_tag","embeddable":true,"href":"https:\/\/www.wacoca.com\/videos\/wp-json\/wp\/v2\/tags?post=3114110"}],"curies":[{"name":"wp","href":"https:\/\/api.w.org\/{rel}","templated":true}]}}