{"id":311240,"date":"2021-05-29T11:01:38","date_gmt":"2021-05-29T11:01:38","guid":{"rendered":"https:\/\/www.wacoca.com\/videos\/311240\/celebrity\/"},"modified":"2021-05-29T11:01:38","modified_gmt":"2021-05-29T11:01:38","slug":"top-channel-veliaj-me-sportistet-qe-pergatiten-te-perfaqesojne-shqiperine-ne-tokio","status":"publish","type":"post","link":"https:\/\/www.wacoca.com\/videos\/311240\/celebrity\/","title":{"rendered":"Top Channel\/ Veliaj me sportist\u00ebt q\u00eb p\u00ebrgatiten t\u00eb p\u00ebrfaq\u00ebsojn\u00eb Shqip\u00ebrin\u00eb n\u00eb Tokio"},"content":{"rendered":"<p><iframe loading=\"lazy\"  width=\"580\" height=\"385\" src=\"https:\/\/www.youtube.com\/embed\/Z5cL62zLtfc?modestbranding=1\" frameborder=\"0\" allowfullscreen><\/iframe><br \/>\n<br \/>\nNga Parku i Liqenit, aty ku tashm\u00eb sportist\u00ebt elitar\u00eb kan\u00eb dhe pistat e tyre t\u00eb st\u00ebrvitjes, kryetari i Bashkis\u00eb s\u00eb Tiran\u00ebs Erion Veliaj, s\u00eb bashku me kampionin e atletik\u00ebs Izmir Smajljaj dhe futbollistin e mir\u00ebnjohur Gjergj Muzaka, zhvilluan nj\u00eb takim me t\u00eb rinj e t\u00eb reja pak p\u00ebrpara zhvillimit t\u00eb Loj\u00ebrave Olimpike n\u00eb Tokio.<\/p>\n<p>Smajljaj ka rr\u00ebfyer se p\u00ebr rrug\u00ebn e tij drejt suksesit \u00ebsht\u00eb frym\u00ebzuar por dhe mb\u00ebshtetur shum\u00eb nga familja e tij t\u00eb cil\u00ebs i dedikon edhe titullin kampion europe n\u00eb vitin 2017.<\/p>\n<p>\u201cUn\u00eb kam lindur n\u00eb Shkod\u00ebr, n\u00eb nj\u00eb familje sportist\u00ebsh. Baban\u00eb e kam pasur volejbollist po ashtu edhe xhaxhan\u00eb. Filloi edhe motra t\u00eb merrej p\u00ebr nj\u00eb periudh\u00eb kohe, por e la. M\u00eb pas m\u00eb futi babai n\u00eb sportin e atletik\u00ebs, ishte ai q\u00eb m\u00eb shtyu. Sportin e kam filluar n\u00eb mosh\u00ebn 9-vje\u00e7are e si cdo f\u00ebmij\u00eb kisha qejf t\u00eb vrapoja, t\u00eb ecja. Gradualisht duke b\u00ebr\u00eb st\u00ebrvitje, fillova t\u00eb merrja pjes\u00eb n\u00eb garat kombetare, ku fillova t\u00eb spikat n\u00eb garat e k\u00ebrcimeve. \u00c7do k\u00ebrcim q\u00eb b\u00ebja ishte emocion i papa\u00ebrshkuesh\u00ebm dhe sa m\u00eb shum\u00eb arg\u00ebtohesha aq m\u00eb shum\u00eb kisha motivim t\u00eb ecja p\u00ebrpara. Duke par\u00eb lumturin\u00eb e familjes sim\u00eb, kisha nj\u00eb motivim p\u00ebr m\u00eb shum\u00eb e k\u00ebshtu arrita duke fituar gara e duke thyer rekorde deri kur erdhi viti i art\u00eb n\u00eb 2017 ku dola Kampion i Europ\u00ebs,\u201d tha Smajljaj.<\/p>\n<p>Ai shtoi se n\u00eb Tiran\u00eb ka gjetur gjith\u00e7ka i duhej p\u00ebr tu st\u00ebrvitur dhe p\u00ebr t\u00eb ecur p\u00ebrpara.<\/p>\n<p>\u201cKam pasur shum\u00eb sakfrifica, por q\u00eb nga ardhja ime n\u00eb Tiran\u00eb dhe pas Europianit, un\u00eb n\u00eb Tiran\u00eb kam gjetur nj\u00eb dritare t\u00eb hapur, kam pasur mb\u00ebshtjen e kryetarit dhe t\u00eb falenderoj p\u00ebr gjith\u00e7ka ke b\u00ebr\u00eb deri m\u00eb sot. Q\u00eb nga ardhja n\u00eb Tiran\u00eb jam shum\u00eb i k\u00ebnaqur me kushtet. Tirana i plot\u00ebson t\u00eb gjitha kushtet p\u00ebr mua, sidomos me pist\u00ebn e re q\u00eb \u00ebsht\u00eb b\u00ebr\u00eb k\u00ebtu. Shpresoj t\u00eb kemi dhe nj\u00eb pist\u00eb tjet\u00ebr me 6 korsi. Kryetari na ka dh\u00ebn\u00eb fjal\u00ebn q\u00eb do ta b\u00ebjm\u00eb dhe shpresoj ta b\u00ebjn\u00eb sa m\u00eb shpejt.Tirana \u00ebsht\u00eb e mbushur me aktivitete sportive k\u00ebshtu q\u00eb jam me fat q\u00eb kam ardhur n\u00eb Tiran\u00eb,\u201d deklaroi m\u00eb tej sportisti.<\/p>\n<p>Kryebashkiaku Veliaj u shpreh se n\u00eb sport ashtu si n\u00eb jet\u00eb, duhet t\u00eb p\u00ebrgatitesh shum\u00eb p\u00ebr t\u00eb arritur rezultatin, por p\u00ebr t\u00eb tha ai, duhet t\u00eb jesh i fokusuar.<\/p>\n<p>\u201cNdonj\u00ebher\u00eb sheh nj\u00eb njeri q\u00eb e ka performanc\u00ebn vet\u00ebm disa sekonda, nga nisja deri tek k\u00ebrcimi dhe ti thua, \u201csa gj\u00eb e leht\u00eb, 4 sekonda p\u00ebr t\u00eb ngritur flamurin ton\u00eb dhe nj\u00eb medalje\u201d. Qartazi pas 4 sekondave jan\u00eb vite t\u00eb t\u00ebra, or\u00eb t\u00eb t\u00ebra, mund i jasht\u00ebzakonsh\u00ebm, nj\u00eb familje e t\u00ebr\u00eb, nj\u00eb qytet i t\u00ebr\u00eb, nj\u00eb skuad\u00ebr e t\u00ebr\u00eb q\u00eb mb\u00ebshtet nj\u00eb njeri p\u00ebr ato 4 sekonda. Po t\u00eb shihni edhe n\u00eb jet\u00ebn ton\u00eb, pavar\u00ebsisht n\u00ebse jemi ose jo sportist\u00eb, n\u00eb \u00e7do gj\u00eb q\u00eb b\u00ebjm\u00eb ekziston nj\u00eb tribun\u00eb spektator\u00ebsh q\u00eb thon\u00eb, \u201cpse k\u00ebshtu b\u00ebhet?\u201d Dhe pyetja \u00ebsht\u00eb: Jeni t\u00eb p\u00ebrgatitur mjaftuesh\u00ebm q\u00eb t\u00eb rrini t\u00eb fokusuar te gj\u00ebja q\u00eb doni t\u00eb b\u00ebni, apo do lejoni cilindo q\u00eb ju v\u00eb st\u00ebrk\u00ebmb\u00ebsh, q\u00eb ju p\u00ebrgojon, q\u00eb ju dekurajon, q\u00eb ka nj\u00eb arsye ose xhelozie, ose inati mundohet q\u00eb t\u00eb bllokoj\u00eb suksesin tuaj? Un\u00eb besoj q\u00eb m\u00ebsimet q\u00eb na vijn\u00eb sidomos nga sportist\u00ebt \u00ebsht\u00eb: Fokus, fokus, fokus. Edhe nuk ka r\u00ebnd\u00ebsi n\u00ebse do jen\u00eb Loj\u00ebrat Olimpike t\u00eb Tokios, apo n\u00ebse do jet\u00eb karriera juaj, apo n\u00ebse do filloni nj\u00eb biznes, apo n\u00ebse jeni pjes\u00eb e nj\u00eb skuadre, ose nj\u00eb ambicieje, pyetja \u00ebsht\u00eb: Kush ka durimin, apo p\u00ebrqendrimin q\u00eb t\u00eb shkoj\u00eb deri n\u00eb fund dhe kush \u00ebsht\u00eb gati t\u00eb punoj\u00eb ndoshta edhe 40 vjet, p\u00ebr 4 sekonda sukses?\u201d u shpreh Veliaj.<\/p>\n<p>Departamenti i Informacionit, m\u00eb i madhi, m\u00eb kryesori n\u00eb Top Channel, i cili sh\u00ebnoi fillimin e televizionit me edicionin e lajmeve n\u00eb 20 dhjetor 2001. P\u00ebrmes informacioneve t\u00eb shpejta, t\u00eb sakta dhe t\u00eb thelluara, reportazheve dhe rubrikave t\u00eb tjera informative, Top Channel \u00ebsht\u00eb kthyer n\u00eb burimin kryesor dhe me prestigjioz t\u00eb informimit t\u00eb t\u00eb gjith\u00ebve n\u00eb Shqip\u00ebri, n\u00eb hap\u00ebsir\u00ebn mbar\u00ebshqiptare dhe kudo tjet\u00ebr n\u00eb bot\u00eb ku shqiptar\u00ebt jetojn\u00eb. Top Channel \u00ebsht\u00eb i pranish\u00ebm me kamerat dhe gazetar\u00ebt e tij n\u00eb t\u00eb gjitha ngjarjet m\u00eb t\u00eb r\u00ebnd\u00ebsishme t\u00eb vendit dhe n\u00eb bot\u00eb, me edicionet e tij informative.<\/p>\n<p>P\u00ebr m\u00eb shum\u00eb vizitoni:  <\/p>\n<p>Subscribe to &#8220;Top Channel&#8221; on YouTube Channel for NEWS and TV<br \/>\nShows HERE:<br \/>\nFor more content from click HERE: www.top-channel.tv<br \/>\nLike Top Channel on Facebook HERE:<br \/>\nFollow Top Channel on Instagram HERE:<br \/>\nFollow Top Channel on Twitter HERE:<br \/>\n#ErionVeliaj#IzmirSmajljaj#TopChannel<\/p>\n","protected":false},"excerpt":{"rendered":"<p>Nga Parku i Liqenit, aty ku tashm\u00eb sportist\u00ebt elitar\u00eb kan\u00eb dhe pistat e tyre t\u00eb st\u00ebrvitjes, kryetari i Bashkis<\/p>\n","protected":false},"author":3,"featured_media":311241,"comment_status":"","ping_status":"","sticky":false,"template":"","format":"standard","meta":{"footnotes":"","_share_on_mastodon":"0"},"categories":[21045],"tags":[21047,21046,18160,293581,32476,293595,293593,293592,293588,293596,293589,293591,293594,21657,16216,293582,293583,293584,293585,293586,293590,293587,22],"class_list":{"0":"post-311240","1":"post","2":"type-post","3":"status-publish","4":"format-standard","5":"has-post-thumbnail","7":"category-celebrity","8":"tag-celebrities","9":"tag-celebrity","10":"tag-channel","11":"tag-lajme","12":"tag-ne","13":"tag-perfaqesojne","14":"tag-pergatiten","15":"tag-qe","16":"tag-qe-pergatiten-te-perfaqesojne","17":"tag-shqiperine","18":"tag-shqiperine-ne-tokio","19":"tag-sportistet","20":"tag-te","21":"tag-tokio","22":"tag-top","23":"tag-top-channel","24":"tag-top-channel-shqiperi","25":"tag-top-channel-youtube","26":"tag-topchannel-albania","27":"tag-topchannelalbania","28":"tag-veliaj","29":"tag-veliaj-me-sportistet","30":"tag-vlog"},"share_on_mastodon":{"url":"","error":""},"_links":{"self":[{"href":"https:\/\/www.wacoca.com\/videos\/wp-json\/wp\/v2\/posts\/311240","targetHints":{"allow":["GET"]}}],"collection":[{"href":"https:\/\/www.wacoca.com\/videos\/wp-json\/wp\/v2\/posts"}],"about":[{"href":"https:\/\/www.wacoca.com\/videos\/wp-json\/wp\/v2\/types\/post"}],"author":[{"embeddable":true,"href":"https:\/\/www.wacoca.com\/videos\/wp-json\/wp\/v2\/users\/3"}],"replies":[{"embeddable":true,"href":"https:\/\/www.wacoca.com\/videos\/wp-json\/wp\/v2\/comments?post=311240"}],"version-history":[{"count":0,"href":"https:\/\/www.wacoca.com\/videos\/wp-json\/wp\/v2\/posts\/311240\/revisions"}],"wp:featuredmedia":[{"embeddable":true,"href":"https:\/\/www.wacoca.com\/videos\/wp-json\/wp\/v2\/media\/311241"}],"wp:attachment":[{"href":"https:\/\/www.wacoca.com\/videos\/wp-json\/wp\/v2\/media?parent=311240"}],"wp:term":[{"taxonomy":"category","embeddable":true,"href":"https:\/\/www.wacoca.com\/videos\/wp-json\/wp\/v2\/categories?post=311240"},{"taxonomy":"post_tag","embeddable":true,"href":"https:\/\/www.wacoca.com\/videos\/wp-json\/wp\/v2\/tags?post=311240"}],"curies":[{"name":"wp","href":"https:\/\/api.w.org\/{rel}","templated":true}]}}