{"id":2951392,"date":"2025-09-25T22:05:34","date_gmt":"2025-09-25T22:05:34","guid":{"rendered":"https:\/\/www.wacoca.com\/videos\/2951392\/celebrity\/"},"modified":"2025-09-25T22:05:34","modified_gmt":"2025-09-25T22:05:34","slug":"kasumi-arimura-%e6%9c%89%e6%9d%91-%e6%9e%b6%e7%b4%94-milan-fashion-week-25-september-2025-show-prada","status":"publish","type":"post","link":"https:\/\/www.wacoca.com\/videos\/2951392\/celebrity\/","title":{"rendered":"Kasumi Arimura \u6709\u6751 \u67b6\u7d14 @ Milan Fashion Week 25 september 2025 show Prada"},"content":{"rendered":"<p><iframe loading=\"lazy\"  width=\"580\" height=\"385\" src=\"https:\/\/www.youtube.com\/embed\/xyKjzMEo5xc\" frameborder=\"0\" allowfullscreen><\/iframe><br \/>\n<br \/>\nKasumi Arimura \u6709\u6751 \u67b6\u7d14 @ Milan Fashion Week 25 september 2025 show Prada<br \/>\n<br \/>\n[Musica] raga non \u00e8 carina carina c&#8217;\u00e8 in lista c&#8217;\u00e8 insta<br \/><\/p>\n","protected":false},"excerpt":{"rendered":"<p>Kasumi Arimura \u6709\u6751 \u67b6\u7d14 @ Milan Fashion Week 25 september 2025 show Prada [Musica] raga non \u00e8 carina carina c&#038;#82<\/p>\n","protected":false},"author":3,"featured_media":2951393,"comment_status":"open","ping_status":"","sticky":false,"template":"","format":"standard","meta":{"footnotes":"","_share_on_mastodon":"0"},"categories":[21045],"tags":[25083,21047,21046,15270,61399,648158,225451,69294,2584,22,43918,36712,21153,36713],"class_list":{"0":"post-2951392","1":"post","2":"type-post","3":"status-publish","4":"format-standard","5":"has-post-thumbnail","7":"category-celebrity","8":"tag-arimura","9":"tag-celebrities","10":"tag-celebrity","11":"tag-fashion","12":"tag-kasumi","13":"tag-milan","14":"tag-prada","15":"tag-september","16":"tag-show","17":"tag-vlog","18":"tag-week","19":"tag-36712","20":"tag-21153","21":"tag-36713"},"share_on_mastodon":{"url":"","error":""},"_links":{"self":[{"href":"https:\/\/www.wacoca.com\/videos\/wp-json\/wp\/v2\/posts\/2951392","targetHints":{"allow":["GET"]}}],"collection":[{"href":"https:\/\/www.wacoca.com\/videos\/wp-json\/wp\/v2\/posts"}],"about":[{"href":"https:\/\/www.wacoca.com\/videos\/wp-json\/wp\/v2\/types\/post"}],"author":[{"embeddable":true,"href":"https:\/\/www.wacoca.com\/videos\/wp-json\/wp\/v2\/users\/3"}],"replies":[{"embeddable":true,"href":"https:\/\/www.wacoca.com\/videos\/wp-json\/wp\/v2\/comments?post=2951392"}],"version-history":[{"count":0,"href":"https:\/\/www.wacoca.com\/videos\/wp-json\/wp\/v2\/posts\/2951392\/revisions"}],"wp:featuredmedia":[{"embeddable":true,"href":"https:\/\/www.wacoca.com\/videos\/wp-json\/wp\/v2\/media\/2951393"}],"wp:attachment":[{"href":"https:\/\/www.wacoca.com\/videos\/wp-json\/wp\/v2\/media?parent=2951392"}],"wp:term":[{"taxonomy":"category","embeddable":true,"href":"https:\/\/www.wacoca.com\/videos\/wp-json\/wp\/v2\/categories?post=2951392"},{"taxonomy":"post_tag","embeddable":true,"href":"https:\/\/www.wacoca.com\/videos\/wp-json\/wp\/v2\/tags?post=2951392"}],"curies":[{"name":"wp","href":"https:\/\/api.w.org\/{rel}","templated":true}]}}