{"id":2906539,"date":"2022-10-15T04:30:35","date_gmt":"2022-10-15T04:30:35","guid":{"rendered":"https:\/\/www.wacoca.com\/videos\/2906539\/model\/"},"modified":"2022-10-15T04:30:35","modified_gmt":"2022-10-15T04:30:35","slug":"amber-valletta-in-stella-mccartney-spring-summer-2023-fashionshow","status":"publish","type":"post","link":"https:\/\/www.wacoca.com\/videos\/2906539\/model\/","title":{"rendered":"Amber Valletta in Stella McCartney Spring\/Summer 2023 FashionShow"},"content":{"rendered":"<p><iframe loading=\"lazy\"  width=\"580\" height=\"385\" src=\"https:\/\/www.youtube.com\/embed\/1AA8WylZqWM?modestbranding=1\" frameborder=\"0\" allowfullscreen><\/iframe><br \/>\n<br \/>\nAmber Valletta in Stella McCartney Spring\/Summer 2023 FashionShow.<br \/>\nRetroWorldNews<br \/>\nEntertainment website \u00b7 Marketing agency \u00b7 Advertising agency<br \/>\nDiscover the latest Music, Lifestyle, Fashion and Beauty news. Browse our store to find the latest must have items. \ud83c\udfa7\u2f63\ud83d\udc60\ud83d\udc8b\u27a1\ufe0f https:\/\/retroworldnews.com\/<\/p>\n<p>Translated titles:<br \/>\nAmber Valletta en Stella McCartney desfile de moda Primavera\/Verano 2023<\/p>\n<p>Amber Valletta in Stella McCartney Fr\u00fchjahr\/Sommer 2023 FashionShow<\/p>\n<p>Amber Valletta en Stella McCartney d\u00e9fil\u00e9 de mode printemps\/\u00e9t\u00e9 2023<\/p>\n<p>Amber Valletta i Stella McCartney FashionShow for\u00e5r\/sommer 2023<\/p>\n<p>Amber Valletta in Stella McCartney Lente\/Zomer 2023 FashionShow<\/p>\n<p>Amber Valletta kev\u00e4t\/kes\u00e4 2023 muotin\u00e4yt\u00f6ksess\u00e4 Stella McCartney<\/p>\n<p>Amber Valletta in Stella McCartney Se\u00f3 Faisin Earrach\/Samhradh 2023<\/p>\n<p>Amber Valletta in Stella McCartney Sfilata Primavera\/Estate 2023<\/p>\n<p>Amber Valletta an Stella McCartney Fr\u00e9ijoer \/ Summer 2023 FashionShow<\/p>\n<p>Amber Valletta i Stella McCartney Moteshow v\u00e5r\/sommer 2023<\/p>\n","protected":false},"excerpt":{"rendered":"<p>Amber Valletta in Stella McCartney Spring\/Summer 2023 FashionShow. RetroWorldNews Entertainment website \u00b7 Mark<\/p>\n","protected":false},"author":3,"featured_media":2906540,"comment_status":"open","ping_status":"","sticky":false,"template":"","format":"standard","meta":{"footnotes":"","_share_on_mastodon":"0"},"categories":[627838],"tags":[699373,15270,1823683,1039477,1039475,1823687,1056711,1056713,1823679,1823686,1823681,1823685,1823682,1056712,1823680,1823684,30476,627860,632344],"class_list":{"0":"post-2906539","1":"post","2":"type-post","3":"status-publish","4":"format-standard","5":"has-post-thumbnail","7":"category-model","8":"tag-amber-valletta","9":"tag-fashion","10":"tag-fashion-show-2023","11":"tag-paris-fashion-week-2023","12":"tag-spring-summer-2023","13":"tag-spring-summer-2023-fashion-shows","14":"tag-stella-mccartney","15":"tag-stella-mccartney-spring-summer-2023-fashion-show","16":"tag-stella-mccartney-2023","17":"tag-stella-mccartney-fashion","18":"tag-stella-mccartney-fashion-show","19":"tag-stella-mccartney-fashion-shows","20":"tag-stella-mccartney-fashion-shows-2023","21":"tag-stella-mccartney-spring-2023","22":"tag-stella-mccartney-spring-summer-2023","23":"tag-stella-mccartney-spring-summer","24":"tag-style","25":"tag-supermodel","26":"tag-632344"},"share_on_mastodon":{"url":"","error":""},"_links":{"self":[{"href":"https:\/\/www.wacoca.com\/videos\/wp-json\/wp\/v2\/posts\/2906539","targetHints":{"allow":["GET"]}}],"collection":[{"href":"https:\/\/www.wacoca.com\/videos\/wp-json\/wp\/v2\/posts"}],"about":[{"href":"https:\/\/www.wacoca.com\/videos\/wp-json\/wp\/v2\/types\/post"}],"author":[{"embeddable":true,"href":"https:\/\/www.wacoca.com\/videos\/wp-json\/wp\/v2\/users\/3"}],"replies":[{"embeddable":true,"href":"https:\/\/www.wacoca.com\/videos\/wp-json\/wp\/v2\/comments?post=2906539"}],"version-history":[{"count":0,"href":"https:\/\/www.wacoca.com\/videos\/wp-json\/wp\/v2\/posts\/2906539\/revisions"}],"wp:featuredmedia":[{"embeddable":true,"href":"https:\/\/www.wacoca.com\/videos\/wp-json\/wp\/v2\/media\/2906540"}],"wp:attachment":[{"href":"https:\/\/www.wacoca.com\/videos\/wp-json\/wp\/v2\/media?parent=2906539"}],"wp:term":[{"taxonomy":"category","embeddable":true,"href":"https:\/\/www.wacoca.com\/videos\/wp-json\/wp\/v2\/categories?post=2906539"},{"taxonomy":"post_tag","embeddable":true,"href":"https:\/\/www.wacoca.com\/videos\/wp-json\/wp\/v2\/tags?post=2906539"}],"curies":[{"name":"wp","href":"https:\/\/api.w.org\/{rel}","templated":true}]}}