{"id":2880022,"date":"2025-08-20T16:45:01","date_gmt":"2025-08-20T16:45:01","guid":{"rendered":"https:\/\/www.wacoca.com\/videos\/2880022\/johnnys\/"},"modified":"2025-08-20T16:45:01","modified_gmt":"2025-08-20T16:45:01","slug":"%e3%82%b8%e3%82%a7%e3%82%b7%e3%83%bc%e3%83%bbj%e3%80%81%e6%9c%80%e6%82%aa%e3%81%ae%e7%8a%b6%e6%85%8b%e3%81%a7%e6%95%91%e6%80%a5%e5%a4%96%e6%9d%a5%e3%81%ab%e5%88%b0%e7%9d%80-shorts-icons","status":"publish","type":"post","link":"https:\/\/www.wacoca.com\/videos\/2880022\/johnnys\/","title":{"rendered":"\u30b8\u30a7\u30b7\u30fc\u30fbJ\u3001\u6700\u60aa\u306e\u72b6\u614b\u3067\u6551\u6025\u5916\u6765\u306b\u5230\u7740 | #shorts icons"},"content":{"rendered":"<p><iframe loading=\"lazy\"  width=\"580\" height=\"385\" src=\"https:\/\/www.youtube.com\/embed\/JpSCJzKIqFk?modestbranding=1\" frameborder=\"0\" allowfullscreen><\/iframe><br \/>\n<br \/>\nSemanas despu\u00e9s de su \u00faltimo concierto, Jessi J apareci\u00f3 en el hospital. El c\u00e1ncer de mama la atormentaba y esperaban la peor de las noticias.<\/p>\n<p>\u00a1Suscr\u00edbete y ent\u00e9rate de todo lo que quieres saber de tus celebridades favoritas! http:\/\/bit.ly\/yt-iconos<\/p>\n<p>S\u00edguenos en Facebook #\u00edconos http:\/\/bit.ly\/fb-iconos. Encuentra muchos art\u00edculos para leer y entretenerte en nuestro sitio http:\/\/bit.ly\/web-upsocl.<\/p>\n","protected":false},"excerpt":{"rendered":"<p>Semanas despu\u00e9s de su \u00faltimo concierto, Jessi J apareci\u00f3 en el hospital. El c\u00e1ncer de mama la atormentaba y es<\/p>\n","protected":false},"author":3,"featured_media":2880023,"comment_status":"open","ping_status":"","sticky":false,"template":"","format":"standard","meta":{"footnotes":"","_share_on_mastodon":"0"},"categories":[364400],"tags":[979259,528830,979260,7563,985000,985001,1807490,1807489,1807485,1807487,1807488,1807482,1807486,1807491,1807483,1807484,22205,979267,31396,18569,1807492,1807494,1807495,1807493,64244,1257005,28927,13225,364414],"class_list":{"0":"post-2880022","1":"post","2":"type-post","3":"status-publish","4":"format-standard","5":"has-post-thumbnail","7":"category-johnnys","8":"tag-celebridades","9":"tag-cine","10":"tag-famosos","11":"tag-hollywood","12":"tag-iconos","13":"tag-iconos-upsocl","14":"tag-jessie-j-cancer","15":"tag-jessie-j-cancer-de-mama","16":"tag-jessie-j-concierto","17":"tag-jessie-j-en-urgencias","18":"tag-jessie-j-enferma","19":"tag-jessie-j-historia-de-vida","20":"tag-jessie-j-live-2025","21":"tag-jessie-j-noticias","22":"tag-jessie-j-sub-espanol","23":"tag-jessie-j-vivo","24":"tag-johnnys","25":"tag-peliculas","26":"tag-short","27":"tag-shorts","28":"tag-videos-virales-2025","29":"tag-videos-virales-actuales","30":"tag-videos-virales-cortos","31":"tag-videos-virales-de-youtube","32":"tag-viral","33":"tag-virales","34":"tag-28927","35":"tag-13225","36":"tag-364414"},"share_on_mastodon":{"url":"","error":""},"_links":{"self":[{"href":"https:\/\/www.wacoca.com\/videos\/wp-json\/wp\/v2\/posts\/2880022","targetHints":{"allow":["GET"]}}],"collection":[{"href":"https:\/\/www.wacoca.com\/videos\/wp-json\/wp\/v2\/posts"}],"about":[{"href":"https:\/\/www.wacoca.com\/videos\/wp-json\/wp\/v2\/types\/post"}],"author":[{"embeddable":true,"href":"https:\/\/www.wacoca.com\/videos\/wp-json\/wp\/v2\/users\/3"}],"replies":[{"embeddable":true,"href":"https:\/\/www.wacoca.com\/videos\/wp-json\/wp\/v2\/comments?post=2880022"}],"version-history":[{"count":0,"href":"https:\/\/www.wacoca.com\/videos\/wp-json\/wp\/v2\/posts\/2880022\/revisions"}],"wp:featuredmedia":[{"embeddable":true,"href":"https:\/\/www.wacoca.com\/videos\/wp-json\/wp\/v2\/media\/2880023"}],"wp:attachment":[{"href":"https:\/\/www.wacoca.com\/videos\/wp-json\/wp\/v2\/media?parent=2880022"}],"wp:term":[{"taxonomy":"category","embeddable":true,"href":"https:\/\/www.wacoca.com\/videos\/wp-json\/wp\/v2\/categories?post=2880022"},{"taxonomy":"post_tag","embeddable":true,"href":"https:\/\/www.wacoca.com\/videos\/wp-json\/wp\/v2\/tags?post=2880022"}],"curies":[{"name":"wp","href":"https:\/\/api.w.org\/{rel}","templated":true}]}}