{"id":28315,"date":"2018-05-15T15:35:51","date_gmt":"2018-05-15T15:35:51","guid":{"rendered":"https:\/\/www.wacoca.com\/videos\/28315\/celebrity\/"},"modified":"2018-05-15T15:35:51","modified_gmt":"2018-05-15T15:35:51","slug":"netemo-sametemo-cannes-2018-photocall-vf","status":"publish","type":"post","link":"https:\/\/www.wacoca.com\/videos\/28315\/celebrity\/","title":{"rendered":"NETEMO SAMETEMO &#8211; Cannes 2018 &#8211; Photocall &#8211; VF"},"content":{"rendered":"<p><iframe loading=\"lazy\"  width=\"580\" height=\"385\" src=\"https:\/\/www.youtube.com\/embed\/g7js7_3nkMU?modestbranding=1\" frameborder=\"0\" allowfullscreen><\/iframe><br \/>\n<br \/>\nPhotocall NETEMO SAMETEMO  de Hamaguchi Ryusuke avec  Higashide Masahiro, Karata Erika <\/p>\n<p>********************************************************<br \/>\nSubscribe to the Festival de Cannes channel:<br \/>\nOur official website:<br \/>\nTwitter :<br \/>\nFacebook :<br \/>\nInstagram:  <\/p>\n<p>********************************************************<br \/>\nAbonnez-vous \u00e0 la cha\u00eene du Festival de Cannes pour ne rien rater de la Comp\u00e9tition:<br \/>\nLe site officiel du festival de Cannes:<br \/>\nTwitter :<br \/>\nFacebook :<br \/>\nInstagram: <\/p>\n","protected":false},"excerpt":{"rendered":"<p>Photocall NETEMO SAMETEMO de Hamaguchi Ryusuke avec Higashide Masahiro, Karata Erika *************************<\/p>\n","protected":false},"author":3,"featured_media":28316,"comment_status":"","ping_status":"","sticky":false,"template":"","format":"standard","meta":{"footnotes":"","_share_on_mastodon":"0"},"categories":[21045],"tags":[36310,21047,21046,22894,36317,21490,17107,36314,36318,43330,36315,36319,36316,36001,22,21354],"class_list":{"0":"post-28315","1":"post","2":"type-post","3":"status-publish","4":"format-standard","5":"has-post-thumbnail","7":"category-celebrity","8":"tag-cannes","9":"tag-celebrities","10":"tag-celebrity","11":"tag-cinema","12":"tag-competition","13":"tag-festival","14":"tag-film","15":"tag-montee-des-marches","16":"tag-netemo","17":"tag-photocall","18":"tag-red-carpet","19":"tag-sametemo","20":"tag-selection-officielle","21":"tag-stars","22":"tag-vlog","23":"tag--anne-watanabe"},"share_on_mastodon":{"url":"","error":""},"_links":{"self":[{"href":"https:\/\/www.wacoca.com\/videos\/wp-json\/wp\/v2\/posts\/28315","targetHints":{"allow":["GET"]}}],"collection":[{"href":"https:\/\/www.wacoca.com\/videos\/wp-json\/wp\/v2\/posts"}],"about":[{"href":"https:\/\/www.wacoca.com\/videos\/wp-json\/wp\/v2\/types\/post"}],"author":[{"embeddable":true,"href":"https:\/\/www.wacoca.com\/videos\/wp-json\/wp\/v2\/users\/3"}],"replies":[{"embeddable":true,"href":"https:\/\/www.wacoca.com\/videos\/wp-json\/wp\/v2\/comments?post=28315"}],"version-history":[{"count":0,"href":"https:\/\/www.wacoca.com\/videos\/wp-json\/wp\/v2\/posts\/28315\/revisions"}],"wp:featuredmedia":[{"embeddable":true,"href":"https:\/\/www.wacoca.com\/videos\/wp-json\/wp\/v2\/media\/28316"}],"wp:attachment":[{"href":"https:\/\/www.wacoca.com\/videos\/wp-json\/wp\/v2\/media?parent=28315"}],"wp:term":[{"taxonomy":"category","embeddable":true,"href":"https:\/\/www.wacoca.com\/videos\/wp-json\/wp\/v2\/categories?post=28315"},{"taxonomy":"post_tag","embeddable":true,"href":"https:\/\/www.wacoca.com\/videos\/wp-json\/wp\/v2\/tags?post=28315"}],"curies":[{"name":"wp","href":"https:\/\/api.w.org\/{rel}","templated":true}]}}