{"id":280327,"date":"2021-05-12T18:46:12","date_gmt":"2021-05-12T18:46:12","guid":{"rendered":"https:\/\/www.wacoca.com\/videos\/280327\/celebrity\/"},"modified":"2021-05-12T18:46:12","modified_gmt":"2021-05-12T18:46:12","slug":"vital-heynen-juz-wie-ktorych-siatkarzy-zabierze-na-io-w-tokio-nie-pojada-najlepsi","status":"publish","type":"post","link":"https:\/\/www.wacoca.com\/videos\/280327\/celebrity\/","title":{"rendered":"Vital Heynen ju\u017c wie, kt\u00f3rych siatkarzy zabierze na IO w Tokio. &quot;Nie pojad\u0105 najlepsi&#8230;&quot;"},"content":{"rendered":"<p><iframe loading=\"lazy\"  width=\"580\" height=\"385\" src=\"https:\/\/www.youtube.com\/embed\/nZqKMRufMbo?modestbranding=1\" frameborder=\"0\" allowfullscreen><\/iframe><br \/>\n<br \/>\nTrener Vital Heynen przyzna\u0142, \u017ce ju\u017c wie, kt\u00f3rych siatkarzy zabierze do Tokio na igrzyska olimpijskie. &#8211; Pojedzie tam nie dwunastu najlepszych siatkarzy, tylko dwunastu, kt\u00f3rzy stworz\u0105 najlepszy zesp\u00f3\u0142 &#8211; powiedzia\u0142 selekcjoner reprezentacji Polski w wywiadzie z Polsatem Sport.<\/p>\n<p>SUBSKRYBUJ:<br \/>\nFACEBOOK:<br \/>\nTWITTER:<br \/>\nINSTAGRAM:<br \/>\nWI\u0118CEJ O SPORCIE: <\/p>\n","protected":false},"excerpt":{"rendered":"<p>Trener Vital Heynen przyzna\u0142, \u017ce ju\u017c wie, kt\u00f3rych siatkarzy zabierze do Tokio na igrzyska olimpijskie. &#8211;<\/p>\n","protected":false},"author":3,"featured_media":280328,"comment_status":"","ping_status":"","sticky":false,"template":"","format":"standard","meta":{"footnotes":"","_share_on_mastodon":"0"},"categories":[21045],"tags":[21047,21046,266742,266738,266743,266745,266750,266740,266749,266748,266736,266746,266737,21657,266739,266741,266735,22,260407,266744,266747],"class_list":{"0":"post-280327","1":"post","2":"type-post","3":"status-publish","4":"format-standard","5":"has-post-thumbnail","7":"category-celebrity","8":"tag-celebrities","9":"tag-celebrity","10":"tag-heynen","11":"tag-igrzyska-olimpijskie","12":"tag-juz","13":"tag-ktorych","14":"tag-najlepsiquot","15":"tag-olimpiada","16":"tag-pojada","17":"tag-quotnie","18":"tag-reprezentacja-polski","19":"tag-siatkarzy","20":"tag-siatkowka","21":"tag-tokio","22":"tag-tokio-2020","23":"tag-vital","24":"tag-vital-heynen","25":"tag-vlog","26":"tag-volleyball","27":"tag-wie","28":"tag-zabierze"},"share_on_mastodon":{"url":"","error":""},"_links":{"self":[{"href":"https:\/\/www.wacoca.com\/videos\/wp-json\/wp\/v2\/posts\/280327","targetHints":{"allow":["GET"]}}],"collection":[{"href":"https:\/\/www.wacoca.com\/videos\/wp-json\/wp\/v2\/posts"}],"about":[{"href":"https:\/\/www.wacoca.com\/videos\/wp-json\/wp\/v2\/types\/post"}],"author":[{"embeddable":true,"href":"https:\/\/www.wacoca.com\/videos\/wp-json\/wp\/v2\/users\/3"}],"replies":[{"embeddable":true,"href":"https:\/\/www.wacoca.com\/videos\/wp-json\/wp\/v2\/comments?post=280327"}],"version-history":[{"count":0,"href":"https:\/\/www.wacoca.com\/videos\/wp-json\/wp\/v2\/posts\/280327\/revisions"}],"wp:featuredmedia":[{"embeddable":true,"href":"https:\/\/www.wacoca.com\/videos\/wp-json\/wp\/v2\/media\/280328"}],"wp:attachment":[{"href":"https:\/\/www.wacoca.com\/videos\/wp-json\/wp\/v2\/media?parent=280327"}],"wp:term":[{"taxonomy":"category","embeddable":true,"href":"https:\/\/www.wacoca.com\/videos\/wp-json\/wp\/v2\/categories?post=280327"},{"taxonomy":"post_tag","embeddable":true,"href":"https:\/\/www.wacoca.com\/videos\/wp-json\/wp\/v2\/tags?post=280327"}],"curies":[{"name":"wp","href":"https:\/\/api.w.org\/{rel}","templated":true}]}}