{"id":2699245,"date":"2025-05-03T19:00:07","date_gmt":"2025-05-03T19:00:07","guid":{"rendered":"https:\/\/www.wacoca.com\/videos\/2699245\/voice-actor\/"},"modified":"2025-05-03T19:00:07","modified_gmt":"2025-05-03T19:00:07","slug":"i-was-reincarnated-as-the-7th-prince-regresa-con-segunda-temporada-en-julio","status":"publish","type":"post","link":"https:\/\/www.wacoca.com\/videos\/2699245\/voice-actor\/","title":{"rendered":"\u00a1&#8221;I Was Reincarnated as the 7th Prince&#8221; Regresa con Segunda Temporada en Julio!"},"content":{"rendered":"<p><iframe loading=\"lazy\"  width=\"580\" height=\"385\" src=\"https:\/\/www.youtube.com\/embed\/9x4h3q_mw-o?modestbranding=1\" frameborder=\"0\" allowfullscreen><\/iframe><br \/>\n<br \/>\nLa espera ha terminado para los fan\u00e1ticos de I Was Reincarnated as the 7th Prince so I Can Take My Time Perfecting My Magical Ability! El anime, que combina magia, reencarnaci\u00f3n y un protagonista que busca perfeccionar sus habilidades m\u00e1gicas en un mundo nuevo, regresa con su segunda temporada este 9 de julio. En esta nueva entrega, seguimos las aventuras de un joven hechicero que, al reencarnar en un nuevo mundo como el s\u00e9ptimo pr\u00edncipe, decide tomarse su tiempo para dominar su magia sin apresurarse. Esta premisa, que podr\u00eda parecer un poco clich\u00e9 al principio, ha logrado cautivar a los seguidores gracias a su atractiva animaci\u00f3n y giros inesperados en la historia.<\/p>\n<p>La segunda temporada promete m\u00e1s magia, intriga y nuevos personajes. En el avance de temporada, se ha revelado un nuevo visual con la inclusi\u00f3n de un elenco adicional, entre ellos, Showtaro Morikubo como Jiliel y Mitsuru Miyamoto como un misterioso sacerdote que sin duda aportar\u00e1 m\u00e1s misterios a la trama. \u00bfC\u00f3mo continuar\u00e1 el crecimiento del protagonista? Los fans est\u00e1n ansiosos por descubrirlo. Esta temporada no solo promete seguir explorando el desarrollo del personaje principal, sino tambi\u00e9n profundizar en los secretos y las complejidades de su mundo m\u00e1gico.<\/p>\n<p>Con la magia como centro de la historia, los fans de las series de reencarnaci\u00f3n y magia encontrar\u00e1n en esta nueva entrega una gran raz\u00f3n para seguir adelante. \u00a1No te pierdas el regreso de I Was Reincarnated as the 7th Prince este 9 de julio y prep\u00e1rate para nuevas sorpresas y giros sorprendentes!<\/p>\n<p>I Was Reincarnated as the 7th Prince, segunda temporada anime, reencarnaci\u00f3n, magia en anime, hechicero anime, anime julio 2025, nuevos personajes anime, Showtaro Morikubo, Mitsuru Miyamoto, pr\u00edncipe en anime, magia, anime de magia, anime en julio, giros de la trama, anime con magia, crecimiento del personaje, anime 2025<\/p>\n<p>#IWasReincarnatedAsThe7thPrince #SegundaTemporada #AnimeMagia #Reencarnaci\u00f3nAnime #MagiaEnAnime #AnimeJulio2025 #ShowtaroMorikubo #MitsuruMiyamoto #CrecimientoDelPersonaje #Pr\u00edncipeEnAnime #AnimeFans #RegresoDeAnime #MagiaYReencarnaci\u00f3n<\/p>\n<p>\u26a0\ufe0f DISCLAIMER:<br \/>\nEste video est\u00e1 hecho con fines de entretenimiento y se acoge al &#8220;Fair Use&#8221; bajo la Secci\u00f3n 107 del Acta de Derechos de Autor de 1976, que permite el uso de material protegido por derechos de autor con prop\u00f3sitos como cr\u00edtica, comentario, reportaje, ense\u00f1anza, investigaci\u00f3n y estudio. El uso sin fines de lucro, educativo o personal inclina la balanza a favor del &#8220;Fair Use&#8221;.<\/p>\n","protected":false},"excerpt":{"rendered":"<p>La espera ha terminado para los fan\u00e1ticos de I Was Reincarnated as the 7th Prince so I Can Take My Time Perfec<\/p>\n","protected":false},"author":3,"featured_media":2699246,"comment_status":"","ping_status":"","sticky":false,"template":"","format":"standard","meta":{"footnotes":"","_share_on_mastodon":"0"},"categories":[171660],"tags":[45151,1608567,1702239,1702236,1702237,1702232,82221,1702240,1702238,1702231,1702243,1702227,1702241,1702242,494022,274207,1702230,1702234,1702233,56495,1702235,1702229,304540,832555,1107421,1702228,233831,1325384,22,129723,862,38057,33002],"class_list":{"0":"post-2699245","1":"post","2":"type-post","3":"status-publish","4":"format-standard","5":"has-post-thumbnail","7":"category-voice-actor","8":"tag-7th","9":"tag-anime-2025","10":"tag-anime-con-magia","11":"tag-anime-de-magia","12":"tag-anime-en-julio","13":"tag-anime-julio-2025","14":"tag-con","15":"tag-crecimiento-del-personaje","16":"tag-giros-de-la-trama","17":"tag-hechicero-anime","18":"tag-i-was-reincarnated","19":"tag-i-was-reincarnated-as-the-7th-prince","20":"tag-iwasreincarnated","21":"tag-iwasreincarnatedasthe7thprince","22":"tag-julio","23":"tag-magia","24":"tag-magia-en-anime","25":"tag-mitsuru-miyamoto","26":"tag-nuevos-personajes-anime","27":"tag-prince","28":"tag-principe-en-anime","29":"tag-reencarnacion","30":"tag-regresa","31":"tag-reincarnated","32":"tag-segunda","33":"tag-segunda-temporada-anime","34":"tag-showtaro-morikubo","35":"tag-temporada","36":"tag-vlog","37":"tag-voice-actor","38":"tag-862","39":"tag-38057","40":"tag-33002"},"share_on_mastodon":{"url":"","error":""},"_links":{"self":[{"href":"https:\/\/www.wacoca.com\/videos\/wp-json\/wp\/v2\/posts\/2699245","targetHints":{"allow":["GET"]}}],"collection":[{"href":"https:\/\/www.wacoca.com\/videos\/wp-json\/wp\/v2\/posts"}],"about":[{"href":"https:\/\/www.wacoca.com\/videos\/wp-json\/wp\/v2\/types\/post"}],"author":[{"embeddable":true,"href":"https:\/\/www.wacoca.com\/videos\/wp-json\/wp\/v2\/users\/3"}],"replies":[{"embeddable":true,"href":"https:\/\/www.wacoca.com\/videos\/wp-json\/wp\/v2\/comments?post=2699245"}],"version-history":[{"count":0,"href":"https:\/\/www.wacoca.com\/videos\/wp-json\/wp\/v2\/posts\/2699245\/revisions"}],"wp:featuredmedia":[{"embeddable":true,"href":"https:\/\/www.wacoca.com\/videos\/wp-json\/wp\/v2\/media\/2699246"}],"wp:attachment":[{"href":"https:\/\/www.wacoca.com\/videos\/wp-json\/wp\/v2\/media?parent=2699245"}],"wp:term":[{"taxonomy":"category","embeddable":true,"href":"https:\/\/www.wacoca.com\/videos\/wp-json\/wp\/v2\/categories?post=2699245"},{"taxonomy":"post_tag","embeddable":true,"href":"https:\/\/www.wacoca.com\/videos\/wp-json\/wp\/v2\/tags?post=2699245"}],"curies":[{"name":"wp","href":"https:\/\/api.w.org\/{rel}","templated":true}]}}