{"id":2641209,"date":"2011-09-23T10:26:19","date_gmt":"2011-09-23T10:26:19","guid":{"rendered":"https:\/\/www.wacoca.com\/videos\/2641209\/model\/"},"modified":"2011-09-23T10:26:19","modified_gmt":"2011-09-23T10:26:19","slug":"vanessa-paradis-et-m-dans-la-seine-clip-officiel-dun-monstre-a-paris","status":"publish","type":"post","link":"https:\/\/www.wacoca.com\/videos\/2641209\/model\/","title":{"rendered":"Vanessa Paradis et -M- dans &#8220;La Seine&#8221; (clip officiel d&#8217;UN MONSTRE A PARIS)"},"content":{"rendered":"<p><iframe loading=\"lazy\"  width=\"580\" height=\"385\" src=\"https:\/\/www.youtube.com\/embed\/vlPZLE2g0Kc?modestbranding=1\" frameborder=\"0\" allowfullscreen><\/iframe><br \/>\n<br \/>\nVanessa Paradis &#038; -M- interpr\u00e8tent La Seine<\/p>\n<p>L&#8217;album &#8220;Un monstre \u00e0 Paris&#8221;<br \/>\nVanessa Paradis est la voix de Lucile<br \/>\n-M- est celle de Francoeur, le monstre<\/p>\n<p>Sortie le 03 octobre 2011<br \/>\nDisponible en digital le 26 septembre 2011<br \/>\nhttp:\/\/unmonstreaparis.artiste.universalmusic.fr\/<\/p>\n<p>&#8220;Un monstre \u00e0 Paris&#8221;, Le film<br \/>\nR\u00e9alis\u00e9 par Bibo Bergeron<br \/>\nLe 12 octobre en salle<\/p>\n<blockquote class=\"wp-embedded-content\" data-secret=\"FVAl3E5FgL\"><p><a href=\"https:\/\/www.unmonstreaparis.com\/\" rel=\"nofollow noopener\" target=\"_blank\">Agence \u00e9v\u00e9nementiel \u00e0 Paris<\/a><\/p><\/blockquote>\n<p><iframe loading=\"lazy\" class=\"wp-embedded-content\" sandbox=\"allow-scripts\" security=\"restricted\" style=\"position: absolute; visibility: hidden;\" title=\"\u00ab\u00a0Agence \u00e9v\u00e9nementiel \u00e0 Paris\u00a0\u00bb &#8212; unmonstreaparis.com\" src=\"https:\/\/www.unmonstreaparis.com\/embed\/#?secret=pXOOTvaX2J#?secret=FVAl3E5FgL\" data-secret=\"FVAl3E5FgL\" width=\"600\" height=\"338\" frameborder=\"0\" marginwidth=\"0\" marginheight=\"0\" scrolling=\"no\"><\/iframe><\/p>\n","protected":false},"excerpt":{"rendered":"<p>Vanessa Paradis &#038; -M- interpr\u00e8tent La Seine L&#8217;album &#8220;Un monstre \u00e0 Paris&#8221; Vanessa Paradi<\/p>\n","protected":false},"author":3,"featured_media":2641210,"comment_status":"","ping_status":"","sticky":false,"template":"","format":"standard","meta":{"footnotes":"","_share_on_mastodon":"0"},"categories":[627838],"tags":[1667852,21501,1667853,628887,30594,1048092,627860,637405],"class_list":{"0":"post-2641209","1":"post","2":"type-post","3":"status-publish","4":"format-standard","5":"has-post-thumbnail","7":"category-model","8":"tag-chedid","9":"tag-clip","10":"tag-monstre","11":"tag-paradis","12":"tag-paris","13":"tag-seine","14":"tag-supermodel","15":"tag-637405"},"share_on_mastodon":{"url":"","error":""},"_links":{"self":[{"href":"https:\/\/www.wacoca.com\/videos\/wp-json\/wp\/v2\/posts\/2641209","targetHints":{"allow":["GET"]}}],"collection":[{"href":"https:\/\/www.wacoca.com\/videos\/wp-json\/wp\/v2\/posts"}],"about":[{"href":"https:\/\/www.wacoca.com\/videos\/wp-json\/wp\/v2\/types\/post"}],"author":[{"embeddable":true,"href":"https:\/\/www.wacoca.com\/videos\/wp-json\/wp\/v2\/users\/3"}],"replies":[{"embeddable":true,"href":"https:\/\/www.wacoca.com\/videos\/wp-json\/wp\/v2\/comments?post=2641209"}],"version-history":[{"count":0,"href":"https:\/\/www.wacoca.com\/videos\/wp-json\/wp\/v2\/posts\/2641209\/revisions"}],"wp:featuredmedia":[{"embeddable":true,"href":"https:\/\/www.wacoca.com\/videos\/wp-json\/wp\/v2\/media\/2641210"}],"wp:attachment":[{"href":"https:\/\/www.wacoca.com\/videos\/wp-json\/wp\/v2\/media?parent=2641209"}],"wp:term":[{"taxonomy":"category","embeddable":true,"href":"https:\/\/www.wacoca.com\/videos\/wp-json\/wp\/v2\/categories?post=2641209"},{"taxonomy":"post_tag","embeddable":true,"href":"https:\/\/www.wacoca.com\/videos\/wp-json\/wp\/v2\/tags?post=2641209"}],"curies":[{"name":"wp","href":"https:\/\/api.w.org\/{rel}","templated":true}]}}