{"id":2537909,"date":"2020-01-23T16:54:36","date_gmt":"2020-01-23T16:54:36","guid":{"rendered":"https:\/\/www.wacoca.com\/videos\/2537909\/model\/"},"modified":"2020-01-23T16:54:36","modified_gmt":"2020-01-23T16:54:36","slug":"laetitia-casta-portada-de-vanityfairfebrero-vanity-fair-espana","status":"publish","type":"post","link":"https:\/\/www.wacoca.com\/videos\/2537909\/model\/","title":{"rendered":"Laetitia Casta, portada de #VanityFairFebrero | Vanity Fair Espa\u00f1a"},"content":{"rendered":"<p><iframe loading=\"lazy\"  width=\"580\" height=\"385\" src=\"https:\/\/www.youtube.com\/embed\/S_vYkwJukBc?modestbranding=1\" frameborder=\"0\" allowfullscreen><\/iframe><br \/>\n<br \/>\nSu belleza at\u00edpica no le impidi\u00f3 triunfar en la industria de la moda y su \u00e9xito no ha frenado su discurso comprometido. Laetitia Casta es hoy una mujer \u201clibre\u201d, adem\u00e1s de una actriz respetada. \u201cHe pagado un precio por ello: no gustar a todo el mundo mundo\u201d, le cuenta a Paloma Sim\u00f3n. Sin miedo y sin verg\u00fcenza en portada de #VanityFairFebrero.<\/p>\n<p>Producciones Vanity Fair: https:\/\/www.youtube.com\/playlist?list=PLElHbmQh9KW4q3ApH1rv6_FGT_KdkFCex<br \/>\nCuriosidades de Hollywood: https:\/\/www.youtube.com\/playlist?list=PLElHbmQh9KW52p43hvdtcrWc1yHheDHKg<br \/>\nFiestas Vanity Fair: https:\/\/www.youtube.com\/playlist?list=PLElHbmQh9KW4EiaU45FJRJ_uXILfQm_Nd<\/p>\n<p>VANITY FAIR EN FACEBOOK:  https:\/\/www.facebook.com\/VanityFairEspana<br \/>\nVANITY FAIR EN TWITTER: https:\/\/twitter.com\/vanityfairspain<br \/>\nVANITY FAIR EN INSTAGRAM: https:\/\/instagram.com\/vanityfairspain\/<br \/>\nVANITY FAIR EN PINTEREST: https:\/\/es.pinterest.com\/VanityFairSpain\/<br \/>\nVANITY FAIR EN GOOGLE+: https:\/\/plus.google.com\/+vanityfairespana<\/p>\n","protected":false},"excerpt":{"rendered":"<p>Su belleza at\u00edpica no le impidi\u00f3 triunfar en la industria de la moda y su \u00e9xito no ha frenado su discurso comp<\/p>\n","protected":false},"author":3,"featured_media":2537910,"comment_status":"","ping_status":"","sticky":false,"template":"","format":"standard","meta":{"footnotes":"","_share_on_mastodon":"0"},"categories":[627838],"tags":[21047,1610021,1610022,745572,1610023,1610019,627860,705032,1610020,631709],"class_list":{"0":"post-2537909","1":"post","2":"type-post","3":"status-publish","4":"format-standard","5":"has-post-thumbnail","7":"category-model","8":"tag-celebrities","9":"tag-cotilleos","10":"tag-familia-real","11":"tag-laetitia-casta","12":"tag-portada-febrero-vanity-fair","13":"tag-revista-vanity-fair","14":"tag-supermodel","15":"tag-vanity-fair","16":"tag-vanity-fair-espana","17":"tag-631709"},"share_on_mastodon":{"url":"","error":""},"_links":{"self":[{"href":"https:\/\/www.wacoca.com\/videos\/wp-json\/wp\/v2\/posts\/2537909","targetHints":{"allow":["GET"]}}],"collection":[{"href":"https:\/\/www.wacoca.com\/videos\/wp-json\/wp\/v2\/posts"}],"about":[{"href":"https:\/\/www.wacoca.com\/videos\/wp-json\/wp\/v2\/types\/post"}],"author":[{"embeddable":true,"href":"https:\/\/www.wacoca.com\/videos\/wp-json\/wp\/v2\/users\/3"}],"replies":[{"embeddable":true,"href":"https:\/\/www.wacoca.com\/videos\/wp-json\/wp\/v2\/comments?post=2537909"}],"version-history":[{"count":0,"href":"https:\/\/www.wacoca.com\/videos\/wp-json\/wp\/v2\/posts\/2537909\/revisions"}],"wp:featuredmedia":[{"embeddable":true,"href":"https:\/\/www.wacoca.com\/videos\/wp-json\/wp\/v2\/media\/2537910"}],"wp:attachment":[{"href":"https:\/\/www.wacoca.com\/videos\/wp-json\/wp\/v2\/media?parent=2537909"}],"wp:term":[{"taxonomy":"category","embeddable":true,"href":"https:\/\/www.wacoca.com\/videos\/wp-json\/wp\/v2\/categories?post=2537909"},{"taxonomy":"post_tag","embeddable":true,"href":"https:\/\/www.wacoca.com\/videos\/wp-json\/wp\/v2\/tags?post=2537909"}],"curies":[{"name":"wp","href":"https:\/\/api.w.org\/{rel}","templated":true}]}}