{"id":25197,"date":"2018-05-14T14:56:13","date_gmt":"2018-05-14T14:56:13","guid":{"rendered":"https:\/\/www.wacoca.com\/videos\/25197\/celebrity\/"},"modified":"2018-05-14T14:56:13","modified_gmt":"2018-05-14T14:56:13","slug":"cannes-montee-des-marches-de-lequipe-de-netemo-sametemo","status":"publish","type":"post","link":"https:\/\/www.wacoca.com\/videos\/25197\/celebrity\/","title":{"rendered":"Cannes: mont\u00e9e des marches de l&#39;\u00e9quipe de &quot;Netemo Sametemo\u201d"},"content":{"rendered":"<p><iframe loading=\"lazy\"  width=\"580\" height=\"385\" src=\"https:\/\/www.youtube.com\/embed\/DUzABF1MClQ?modestbranding=1\" frameborder=\"0\" allowfullscreen><\/iframe><br \/>\n<br \/>\nL&#8217;\u00e9quipe du film &#8220;Netemo Sametemo\u201d de Ryusuke Hamaguchi, pr\u00e9sent\u00e9 en comp\u00e9tition officielle au 71e Festival de Cannes, monte les marches. IMAGES<\/p>\n","protected":false},"excerpt":{"rendered":"<p>L&#8217;\u00e9quipe du film &#8220;Netemo Sametemo\u201d de Ryusuke Hamaguchi, pr\u00e9sent\u00e9 en comp\u00e9tition officielle au 71e<\/p>\n","protected":false},"author":3,"featured_media":25198,"comment_status":"","ping_status":"","sticky":false,"template":"","format":"standard","meta":{"footnotes":"","_share_on_mastodon":"0"},"categories":[21045],"tags":[14946,36310,38684,21047,21046,38686,21490,17107,37447,38683,38688,38687,38685,38689,36319,22,21354],"class_list":{"0":"post-25197","1":"post","2":"type-post","3":"status-publish","4":"format-standard","5":"has-post-thumbnail","7":"category-celebrity","8":"tag-1st","9":"tag-cannes","10":"tag-cannes2018","11":"tag-celebrities","12":"tag-celebrity","13":"tag-des","14":"tag-festival","15":"tag-film","16":"tag-france","17":"tag-images","18":"tag-l39equipe","19":"tag-marches","20":"tag-montee","21":"tag-quotnetemo","22":"tag-sametemo","23":"tag-vlog","24":"tag--anne-watanabe"},"share_on_mastodon":{"url":"","error":""},"_links":{"self":[{"href":"https:\/\/www.wacoca.com\/videos\/wp-json\/wp\/v2\/posts\/25197","targetHints":{"allow":["GET"]}}],"collection":[{"href":"https:\/\/www.wacoca.com\/videos\/wp-json\/wp\/v2\/posts"}],"about":[{"href":"https:\/\/www.wacoca.com\/videos\/wp-json\/wp\/v2\/types\/post"}],"author":[{"embeddable":true,"href":"https:\/\/www.wacoca.com\/videos\/wp-json\/wp\/v2\/users\/3"}],"replies":[{"embeddable":true,"href":"https:\/\/www.wacoca.com\/videos\/wp-json\/wp\/v2\/comments?post=25197"}],"version-history":[{"count":0,"href":"https:\/\/www.wacoca.com\/videos\/wp-json\/wp\/v2\/posts\/25197\/revisions"}],"wp:featuredmedia":[{"embeddable":true,"href":"https:\/\/www.wacoca.com\/videos\/wp-json\/wp\/v2\/media\/25198"}],"wp:attachment":[{"href":"https:\/\/www.wacoca.com\/videos\/wp-json\/wp\/v2\/media?parent=25197"}],"wp:term":[{"taxonomy":"category","embeddable":true,"href":"https:\/\/www.wacoca.com\/videos\/wp-json\/wp\/v2\/categories?post=25197"},{"taxonomy":"post_tag","embeddable":true,"href":"https:\/\/www.wacoca.com\/videos\/wp-json\/wp\/v2\/tags?post=25197"}],"curies":[{"name":"wp","href":"https:\/\/api.w.org\/{rel}","templated":true}]}}