{"id":2425737,"date":"2018-12-24T01:17:48","date_gmt":"2018-12-24T01:17:48","guid":{"rendered":"https:\/\/www.wacoca.com\/videos\/2425737\/model\/"},"modified":"2018-12-24T01:17:48","modified_gmt":"2018-12-24T01:17:48","slug":"vanessa-paradis-un-soir-a-paris-concert-w9-les-sources-20-12-2018","status":"publish","type":"post","link":"https:\/\/www.wacoca.com\/videos\/2425737\/model\/","title":{"rendered":"Vanessa Paradis &#8211; Un soir \u00e0 Paris &#8211; Concert W9 &#8211; Les Sources &#8211; 20\/12\/2018"},"content":{"rendered":"<p><iframe loading=\"lazy\"  width=\"580\" height=\"385\" src=\"https:\/\/www.youtube.com\/embed\/zi-MgpqrbWY?modestbranding=1\" frameborder=\"0\" allowfullscreen><\/iframe><br \/>\n<br \/>\n#VanessaParadis en concert W9 diffus\u00e9 le 20 d\u00e9c 2018 sur la chaine \u00e0 l&#8217;occasion  de la sortie de son nouvel album : #LesSources (16 nov 2018 )<br \/>\nhttps:\/\/www.6play.fr\/vanessa-paradis-un-soir-a-paris-p_12271\/concert-c_12236661<br \/>\nDirection Musicale : #RemyGalichet<br \/>\n#SetList :<br \/>\n&#8211; Pourtant<br \/>\n&#8211; Divine Idylle<br \/>\n&#8211; Ces mots simples<br \/>\n&#8211; Mio Cuore<br \/>\n&#8211; Il y a<br \/>\n&#8211; Ce que le vent nous souffle<br \/>\n&#8211; Natural High<br \/>\n&#8211; Mi Amor<br \/>\n&#8211; On oubliera<br \/>\n&#8211; La plage<br \/>\n&#8211; Kiev<br \/>\n&#8211; L&#8217;incendie<br \/>\n<iframe class=\"wp-embedded-content\" sandbox=\"allow-scripts\" security=\"restricted\" title=\"Les sources\" frameborder=\"0\" height=\"525\" src=\"https:\/\/embed.music.apple.com\/fr\/album\/les-sources\/1439303798#?secret=WH2UHWFdBS\" data-secret=\"WH2UHWFdBS\"><\/iframe><br \/>\nVanessa Paradis est nomm\u00e9e aux #VictoiresDeLaMusique 2019 (8 f\u00e9vrier 2019)  dans la cat\u00e9gorie &#8220;Artiste F\u00e9minine de l&#8217;ann\u00e9e &#8220;.<\/p>\n","protected":false},"excerpt":{"rendered":"<p>#VanessaParadis en concert W9 diffus\u00e9 le 20 d\u00e9c 2018 sur la chaine \u00e0 l&#8217;occasion de la sortie de son nouv<\/p>\n","protected":false},"author":3,"featured_media":2425738,"comment_status":"","ping_status":"","sticky":false,"template":"","format":"standard","meta":{"footnotes":"","_share_on_mastodon":"0"},"categories":[627838],"tags":[1544600,1544597,1251007,1544599,1544598,1544596,4776,24996,22484,3426,21026,627860,637405],"class_list":{"0":"post-2425737","1":"post","2":"type-post","3":"status-publish","4":"format-standard","5":"has-post-thumbnail","7":"category-model","8":"tag-divineydille","9":"tag-lessources","10":"tag-lilyrosedepp","11":"tag-music-divineidylle-new-mathieuchedid-johnnydepp-lilyrosedepp","12":"tag-remygalichet","13":"tag-vanessaparadis","14":"tag-4776","15":"tag-concert","16":"tag-interview","17":"tag-live","18":"tag-new","19":"tag-supermodel","20":"tag-637405"},"share_on_mastodon":{"url":"","error":""},"_links":{"self":[{"href":"https:\/\/www.wacoca.com\/videos\/wp-json\/wp\/v2\/posts\/2425737","targetHints":{"allow":["GET"]}}],"collection":[{"href":"https:\/\/www.wacoca.com\/videos\/wp-json\/wp\/v2\/posts"}],"about":[{"href":"https:\/\/www.wacoca.com\/videos\/wp-json\/wp\/v2\/types\/post"}],"author":[{"embeddable":true,"href":"https:\/\/www.wacoca.com\/videos\/wp-json\/wp\/v2\/users\/3"}],"replies":[{"embeddable":true,"href":"https:\/\/www.wacoca.com\/videos\/wp-json\/wp\/v2\/comments?post=2425737"}],"version-history":[{"count":0,"href":"https:\/\/www.wacoca.com\/videos\/wp-json\/wp\/v2\/posts\/2425737\/revisions"}],"wp:featuredmedia":[{"embeddable":true,"href":"https:\/\/www.wacoca.com\/videos\/wp-json\/wp\/v2\/media\/2425738"}],"wp:attachment":[{"href":"https:\/\/www.wacoca.com\/videos\/wp-json\/wp\/v2\/media?parent=2425737"}],"wp:term":[{"taxonomy":"category","embeddable":true,"href":"https:\/\/www.wacoca.com\/videos\/wp-json\/wp\/v2\/categories?post=2425737"},{"taxonomy":"post_tag","embeddable":true,"href":"https:\/\/www.wacoca.com\/videos\/wp-json\/wp\/v2\/tags?post=2425737"}],"curies":[{"name":"wp","href":"https:\/\/api.w.org\/{rel}","templated":true}]}}