{"id":2412038,"date":"2024-11-15T11:38:18","date_gmt":"2024-11-15T11:38:18","guid":{"rendered":"https:\/\/www.wacoca.com\/videos\/2412038\/model\/"},"modified":"2024-11-15T11:38:18","modified_gmt":"2024-11-15T11:38:18","slug":"seisme-pour-barack-obama-malia-obama-dit-tout-je-ne-veux-plus-quon-mappelle-comme-lui","status":"publish","type":"post","link":"https:\/\/www.wacoca.com\/videos\/2412038\/model\/","title":{"rendered":"S\u00e9isme pour Barack Obama : Malia Obama DIT TOUT : \u201cJe ne veux plus qu&#8217;on m&#8217;appelle comme LUI !!!&#8221;"},"content":{"rendered":"<p><iframe loading=\"lazy\"  width=\"580\" height=\"385\" src=\"https:\/\/www.youtube.com\/embed\/wW5XQSIlaSw?modestbranding=1\" frameborder=\"0\" allowfullscreen><\/iframe><br \/>\n<br \/>\nS\u00e9isme pour Barack Obama : Malia Obama DIT TOUT : \u201cJe ne veux plus qu&#8217;on m&#8217;appelle comme LUI !!!&#8221;<br \/>\nPourquoi Malia Obama a-t-elle pris la d\u00e9cision radicale de ne plus utiliser le nom de son p\u00e8re ? Une d\u00e9cision choc qui divise la famille la plus embl\u00e9matique des \u00c9tats-Unis ! Dans cette vid\u00e9o explosive, nous plongeons au c\u0153ur de la relation entre Malia et Barack Obama pour d\u00e9couvrir ce qui a pouss\u00e9 la fille a\u00een\u00e9e de l\u2019ancien pr\u00e9sident \u00e0 choisir un nouveau nom pour sa carri\u00e8re dans le cin\u00e9ma. Que se cache-t-il derri\u00e8re cette d\u00e9cision qui secoue la famille Obama ?<\/p>\n<p>Nous explorons les d\u00e9tails cach\u00e9s de la vie de Malia, les pressions qu\u2019elle a subies en grandissant sous les projecteurs, et son choix de carri\u00e8re audacieux qui l\u2019am\u00e8ne \u00e0 rejeter le nom &#8220;Obama&#8221;. Un choix courageux ou une r\u00e9bellion contre la pression familiale ? Comment Barack et Michelle Obama r\u00e9agissent-ils ? Quels secrets et tensions se cachent au sein de cette famille ?<\/p>\n<p>Dans cette vid\u00e9o, vous d\u00e9couvrirez :<\/p>\n<p>Pourquoi Malia a choisi de se faire appeler &#8220;Malia Ann&#8221; et non &#8220;Obama&#8221;<br \/>\nLes r\u00e9actions surprenantes de Barack Obama face \u00e0 la d\u00e9cision de sa fille<br \/>\nL\u2019influence de sa grand-m\u00e8re Ann Dunham dans ce choix symbolique<br \/>\nLes tensions potentielles entre Malia et ses parents<br \/>\nLe parcours de Malia dans l\u2019industrie du cin\u00e9ma et son premier court-m\u00e9trage<br \/>\nComment elle cherche \u00e0 se d\u00e9tacher de l\u2019ombre imposante de son p\u00e8re pour se faire un nom<br \/>\nMalia Obama, une femme pr\u00eate \u00e0 tout pour prouver sa valeur sans l&#8217;influence de sa famille. Son choix peut-il r\u00e9ellement l\u2019\u00e9loigner du pass\u00e9 Obama ? D\u00e9couvrez la v\u00e9rit\u00e9 cach\u00e9e !<\/p>\n","protected":false},"excerpt":{"rendered":"<p>S\u00e9isme pour Barack Obama : Malia Obama DIT TOUT : \u201cJe ne veux plus qu&#8217;on m&#8217;appelle comme LUI !!!&#038;#<\/p>\n","protected":false},"author":3,"featured_media":2412039,"comment_status":"","ping_status":"","sticky":false,"template":"","format":"standard","meta":{"footnotes":"","_share_on_mastodon":"0"},"categories":[627838],"tags":[712964,1537257,1537258,1537254,1537243,1537250,1537251,1537244,1537253,1537247,306519,1537256,694475,1537259,1537246,1537263,1537255,1537249,1537260,1537245,1537261,1537262,1537248,1537252],"class_list":{"0":"post-2412038","1":"post","2":"type-post","3":"status-publish","4":"format-standard","5":"has-post-thumbnail","7":"category-model","8":"tag-barack-obama","9":"tag-carriere-dans-le-cinema","10":"tag-celebrites-en-crise","11":"tag-cinema-malia-obama","12":"tag-decision-choc","13":"tag-drapeau-americain","14":"tag-enfant-de-celebrite","15":"tag-famille-obama","16":"tag-heritage-obama","17":"tag-independance-malia-obama","18":"tag-malia","19":"tag-malia-ann","20":"tag-malia-obama","21":"tag-michelle-obama-reactions","22":"tag-nom-de-famille-obama","23":"tag-obama-presidence","24":"tag-parcours-de-malia-obama","25":"tag-rejet-du-nom-obama","26":"tag-relations-familiales","27":"tag-revelation-choc","28":"tag-revelation-obama","29":"tag-scandale-obama","30":"tag-tensions-familiales","31":"tag-vie-privee-obama"},"share_on_mastodon":{"url":"","error":""},"_links":{"self":[{"href":"https:\/\/www.wacoca.com\/videos\/wp-json\/wp\/v2\/posts\/2412038","targetHints":{"allow":["GET"]}}],"collection":[{"href":"https:\/\/www.wacoca.com\/videos\/wp-json\/wp\/v2\/posts"}],"about":[{"href":"https:\/\/www.wacoca.com\/videos\/wp-json\/wp\/v2\/types\/post"}],"author":[{"embeddable":true,"href":"https:\/\/www.wacoca.com\/videos\/wp-json\/wp\/v2\/users\/3"}],"replies":[{"embeddable":true,"href":"https:\/\/www.wacoca.com\/videos\/wp-json\/wp\/v2\/comments?post=2412038"}],"version-history":[{"count":0,"href":"https:\/\/www.wacoca.com\/videos\/wp-json\/wp\/v2\/posts\/2412038\/revisions"}],"wp:featuredmedia":[{"embeddable":true,"href":"https:\/\/www.wacoca.com\/videos\/wp-json\/wp\/v2\/media\/2412039"}],"wp:attachment":[{"href":"https:\/\/www.wacoca.com\/videos\/wp-json\/wp\/v2\/media?parent=2412038"}],"wp:term":[{"taxonomy":"category","embeddable":true,"href":"https:\/\/www.wacoca.com\/videos\/wp-json\/wp\/v2\/categories?post=2412038"},{"taxonomy":"post_tag","embeddable":true,"href":"https:\/\/www.wacoca.com\/videos\/wp-json\/wp\/v2\/tags?post=2412038"}],"curies":[{"name":"wp","href":"https:\/\/api.w.org\/{rel}","templated":true}]}}