{"id":23486,"date":"2018-05-15T15:39:20","date_gmt":"2018-05-15T15:39:20","guid":{"rendered":"https:\/\/www.wacoca.com\/videos\/23486\/celebrity\/"},"modified":"2018-05-15T15:39:20","modified_gmt":"2018-05-15T15:39:20","slug":"netemo-sametemo-cannes-2018-interview-vf","status":"publish","type":"post","link":"https:\/\/www.wacoca.com\/videos\/23486\/celebrity\/","title":{"rendered":"NETEMO SAMETEMO &#8211; Cannes 2018 &#8211; Interview &#8211; VF"},"content":{"rendered":"<p><iframe loading=\"lazy\"  width=\"580\" height=\"385\" src=\"https:\/\/www.youtube.com\/embed\/ziaR2UoAQMU?modestbranding=1\" frameborder=\"0\" allowfullscreen><\/iframe><br \/>\n<br \/>\nInterview NETEMO SAMETEMO  de Hamaguchi Ryusuke avec  Higashide Masahiro, Karata Erika<\/p>\n<p>********************************************************<\/p>\n<p>Subscribe to the Festival de Cannes channel:<br \/>\nOur official website:<br \/>\nTwitter :<br \/>\nFacebook :<br \/>\nInstagram:  <\/p>\n<p>********************************************************<br \/>\nAbonnez-vous \u00e0 la cha\u00eene du Festival de Cannes pour ne rien rater de la Comp\u00e9tition:<br \/>\nLe site officiel du festival de Cannes:<br \/>\nTwitter :<br \/>\nFacebook :<br \/>\nInstagram: <\/p>\n","protected":false},"excerpt":{"rendered":"<p>Interview NETEMO SAMETEMO de Hamaguchi Ryusuke avec Higashide Masahiro, Karata Erika *************************<\/p>\n","protected":false},"author":3,"featured_media":23487,"comment_status":"","ping_status":"","sticky":false,"template":"","format":"standard","meta":{"footnotes":"","_share_on_mastodon":"0"},"categories":[21045],"tags":[36310,36313,21047,21046,22894,36317,36311,36312,22484,36314,36318,36315,36319,36316,36001,22,21354],"class_list":{"0":"post-23486","1":"post","2":"type-post","3":"status-publish","4":"format-standard","5":"has-post-thumbnail","7":"category-celebrity","8":"tag-cannes","9":"tag-cannes-film-festival","10":"tag-celebrities","11":"tag-celebrity","12":"tag-cinema","13":"tag-competition","14":"tag-festival-de-cannes","15":"tag-films","16":"tag-interview","17":"tag-montee-des-marches","18":"tag-netemo","19":"tag-red-carpet","20":"tag-sametemo","21":"tag-selection-officielle","22":"tag-stars","23":"tag-vlog","24":"tag--anne-watanabe"},"share_on_mastodon":{"url":"","error":""},"_links":{"self":[{"href":"https:\/\/www.wacoca.com\/videos\/wp-json\/wp\/v2\/posts\/23486","targetHints":{"allow":["GET"]}}],"collection":[{"href":"https:\/\/www.wacoca.com\/videos\/wp-json\/wp\/v2\/posts"}],"about":[{"href":"https:\/\/www.wacoca.com\/videos\/wp-json\/wp\/v2\/types\/post"}],"author":[{"embeddable":true,"href":"https:\/\/www.wacoca.com\/videos\/wp-json\/wp\/v2\/users\/3"}],"replies":[{"embeddable":true,"href":"https:\/\/www.wacoca.com\/videos\/wp-json\/wp\/v2\/comments?post=23486"}],"version-history":[{"count":0,"href":"https:\/\/www.wacoca.com\/videos\/wp-json\/wp\/v2\/posts\/23486\/revisions"}],"wp:featuredmedia":[{"embeddable":true,"href":"https:\/\/www.wacoca.com\/videos\/wp-json\/wp\/v2\/media\/23487"}],"wp:attachment":[{"href":"https:\/\/www.wacoca.com\/videos\/wp-json\/wp\/v2\/media?parent=23486"}],"wp:term":[{"taxonomy":"category","embeddable":true,"href":"https:\/\/www.wacoca.com\/videos\/wp-json\/wp\/v2\/categories?post=23486"},{"taxonomy":"post_tag","embeddable":true,"href":"https:\/\/www.wacoca.com\/videos\/wp-json\/wp\/v2\/tags?post=23486"}],"curies":[{"name":"wp","href":"https:\/\/api.w.org\/{rel}","templated":true}]}}