{"id":2325261,"date":"2024-09-19T19:02:11","date_gmt":"2024-09-19T19:02:11","guid":{"rendered":"https:\/\/www.wacoca.com\/videos\/2325261\/celebrity\/"},"modified":"2024-09-19T19:02:11","modified_gmt":"2024-09-19T19:02:11","slug":"nier-automata-ver-1-1a-black-box-by-lisa-sub-espanol","status":"publish","type":"post","link":"https:\/\/www.wacoca.com\/videos\/2325261\/celebrity\/","title":{"rendered":"Nier Automata ver 1.1a  &#8211; Black box by LiSA &#8211;  sub espa\u00f1ol"},"content":{"rendered":"<p><iframe loading=\"lazy\"  width=\"580\" height=\"385\" src=\"https:\/\/www.youtube.com\/embed\/B1W5fZVMAXY?modestbranding=1\" frameborder=\"0\" allowfullscreen><\/iframe><br \/>\n<br \/>\nHallooo!<\/p>\n<p>Ahora traigo la traducci\u00f3n de Black Box el opening del 2nd Cour de Nier Automata ver 1.1a a cargo de LiSA.<\/p>\n<p>En esta canci\u00f3n como podemos percibir, LiSA us\u00f3 &#8220;spaceship&#8221; o &#8220;nave espacial&#8221; como un eufemismo para referirse a la muert3. Esta canci\u00f3n est\u00e1 narrada desde la perspectiva de 9S as\u00ed que, la canci\u00f3n deja entre ver mucho como se siente por la perdida de 2B y como en realidad, \u00e9l anhela irse con ella.<\/p>\n<p>Disclaimer: La musica, la img y todos los materiales pertenecen a sus respectivos autores. Lo unico que me pertenece es la traducci\u00f3n y lo subo sin fines de lucro y para difusi\u00f3n<\/p>\n","protected":false},"excerpt":{"rendered":"<p>Hallooo! Ahora traigo la traducci\u00f3n de Black Box el opening del 2nd Cour de Nier Automata ver 1.1a a cargo de <\/p>\n","protected":false},"author":3,"featured_media":2325262,"comment_status":"","ping_status":"","sticky":false,"template":"","format":"standard","meta":{"footnotes":"","_share_on_mastodon":"0"},"categories":[21045],"tags":[1486489,245349,48607,8773,21047,21046,46846,14055,24017,204505,13754,22],"class_list":{"0":"post-2325261","1":"post","2":"type-post","3":"status-publish","4":"format-standard","5":"has-post-thumbnail","7":"category-celebrity","8":"tag-1-1a","9":"tag-automata","10":"tag-black","11":"tag-box","12":"tag-celebrities","13":"tag-celebrity","14":"tag-espanol","15":"tag-lisa","16":"tag-lisa-","17":"tag-nier","18":"tag-ver","19":"tag-vlog"},"share_on_mastodon":{"url":"","error":""},"_links":{"self":[{"href":"https:\/\/www.wacoca.com\/videos\/wp-json\/wp\/v2\/posts\/2325261","targetHints":{"allow":["GET"]}}],"collection":[{"href":"https:\/\/www.wacoca.com\/videos\/wp-json\/wp\/v2\/posts"}],"about":[{"href":"https:\/\/www.wacoca.com\/videos\/wp-json\/wp\/v2\/types\/post"}],"author":[{"embeddable":true,"href":"https:\/\/www.wacoca.com\/videos\/wp-json\/wp\/v2\/users\/3"}],"replies":[{"embeddable":true,"href":"https:\/\/www.wacoca.com\/videos\/wp-json\/wp\/v2\/comments?post=2325261"}],"version-history":[{"count":0,"href":"https:\/\/www.wacoca.com\/videos\/wp-json\/wp\/v2\/posts\/2325261\/revisions"}],"wp:featuredmedia":[{"embeddable":true,"href":"https:\/\/www.wacoca.com\/videos\/wp-json\/wp\/v2\/media\/2325262"}],"wp:attachment":[{"href":"https:\/\/www.wacoca.com\/videos\/wp-json\/wp\/v2\/media?parent=2325261"}],"wp:term":[{"taxonomy":"category","embeddable":true,"href":"https:\/\/www.wacoca.com\/videos\/wp-json\/wp\/v2\/categories?post=2325261"},{"taxonomy":"post_tag","embeddable":true,"href":"https:\/\/www.wacoca.com\/videos\/wp-json\/wp\/v2\/tags?post=2325261"}],"curies":[{"name":"wp","href":"https:\/\/api.w.org\/{rel}","templated":true}]}}