{"id":2323244,"date":"2024-09-15T16:00:01","date_gmt":"2024-09-15T16:00:01","guid":{"rendered":"https:\/\/www.wacoca.com\/videos\/2323244\/ske48\/"},"modified":"2024-09-15T16:00:01","modified_gmt":"2024-09-15T16:00:01","slug":"crise-alimentaire-mondiale-que-disent-les-specialistes-faim-dans-le-monde-documentaire-adn","status":"publish","type":"post","link":"https:\/\/www.wacoca.com\/videos\/2323244\/ske48\/","title":{"rendered":"Crise Alimentaire Mondiale : Que disent les sp\u00e9cialistes ? &#8211; Faim dans le Monde &#8211; Documentaire ADN"},"content":{"rendered":"<p><iframe loading=\"lazy\"  width=\"580\" height=\"385\" src=\"https:\/\/www.youtube.com\/embed\/a0_lpmAJPOM?modestbranding=1\" frameborder=\"0\" allowfullscreen><\/iframe><br \/>\n<br \/>\nLa tourmente financi\u00e8re a \u00e9clips\u00e9 les signes avant-coureurs d\u2019une autre crise : celle d\u2019une p\u00e9nurie alimentaire g\u00e9n\u00e9rale.<br \/>\nPour comprendre comment tous les voyants sont pass\u00e9s au rouge, \u201cVers un crash alimentaire\u201d ausculte un syst\u00e8me devenu fou. <\/p>\n<p>\u270b Les enjeux du Monde ? Ils sont ici \ud83d\udc49  Abonnez-vous \ud83d\ude4f<\/p>\n<p>Les r\u00e9alisateurs ont enqu\u00eat\u00e9 en Europe, interrog\u00e9 de nombreux sp\u00e9cialistes de l\u2019agriculture et de l\u2019industrie agro-alimentaire, parcouru les exploitations c\u00e9r\u00e9ali\u00e8res de l\u2019Argentine et des \u00c9tats-Unis, puis travers\u00e9 une Chine en voie d\u2019urbanisation acc\u00e9l\u00e9r\u00e9e.<br \/>\nL\u2019exemple du ma\u00efs et du soja nous permettent de comprendre pourquoi la demande agricole grimpe alors que l\u2019offre baisse.<br \/>\nUne d\u00e9monstration accablante, qui nous interroge : sommes-nous capables de modifier le cours de cette catastrophe annonc\u00e9e ?<\/p>\n<p>Titre : Vers un crash alimentaire<br \/>\nR\u00e9alisateur : Yves Billy<br \/>\n\u00a9 Auteurs associ\u00e9s<br \/>\nANDANA FILMS<\/p>\n<p>#documentaire #crisealimentaire #faim<\/p>\n","protected":false},"excerpt":{"rendered":"<p>La tourmente financi\u00e8re a \u00e9clips\u00e9 les signes avant-coureurs d\u2019une autre crise : celle d\u2019une p\u00e9nurie alimentair<\/p>\n","protected":false},"author":3,"featured_media":2323245,"comment_status":"","ping_status":"","sticky":false,"template":"","format":"standard","meta":{"footnotes":"","_share_on_mastodon":"0"},"categories":[121955],"tags":[1485307,1485300,1485294,1485295,1485298,1485299,1485305,1485302,1485306,1344516,1485291,1485292,1344519,1344520,1344518,1485293,1485304,706056,208748,773527,1485301,1485297,12487,121956,1485303,22,1485296,31065],"class_list":{"0":"post-2323244","1":"post","2":"type-post","3":"status-publish","4":"format-standard","5":"has-post-thumbnail","7":"category-ske48","8":"tag-adn","9":"tag-alimentaire","10":"tag-arte-info","11":"tag-arte-reportage","12":"tag-crash-alimentaire-film","13":"tag-crise","14":"tag-dans","15":"tag-disent","16":"tag-documentaire","17":"tag-documentaire-complet-arte","18":"tag-documentaire-complet-en-francais","19":"tag-documentaire-complet-national-geographic","20":"tag-documentaire-france-2","21":"tag-documentaire-france-3","22":"tag-documentaire-france-5","23":"tag-documentaire-monde","24":"tag-faim","25":"tag-inflation","26":"tag-les","27":"tag-monde","28":"tag-mondiale","29":"tag-penuries-alimentaire-mondiale","30":"tag-ske48","31":"tag-ske48-team-s","32":"tag-specialistes","33":"tag-vlog","34":"tag-world-food-program","35":"tag-31065"},"share_on_mastodon":{"url":"","error":""},"_links":{"self":[{"href":"https:\/\/www.wacoca.com\/videos\/wp-json\/wp\/v2\/posts\/2323244","targetHints":{"allow":["GET"]}}],"collection":[{"href":"https:\/\/www.wacoca.com\/videos\/wp-json\/wp\/v2\/posts"}],"about":[{"href":"https:\/\/www.wacoca.com\/videos\/wp-json\/wp\/v2\/types\/post"}],"author":[{"embeddable":true,"href":"https:\/\/www.wacoca.com\/videos\/wp-json\/wp\/v2\/users\/3"}],"replies":[{"embeddable":true,"href":"https:\/\/www.wacoca.com\/videos\/wp-json\/wp\/v2\/comments?post=2323244"}],"version-history":[{"count":0,"href":"https:\/\/www.wacoca.com\/videos\/wp-json\/wp\/v2\/posts\/2323244\/revisions"}],"wp:featuredmedia":[{"embeddable":true,"href":"https:\/\/www.wacoca.com\/videos\/wp-json\/wp\/v2\/media\/2323245"}],"wp:attachment":[{"href":"https:\/\/www.wacoca.com\/videos\/wp-json\/wp\/v2\/media?parent=2323244"}],"wp:term":[{"taxonomy":"category","embeddable":true,"href":"https:\/\/www.wacoca.com\/videos\/wp-json\/wp\/v2\/categories?post=2323244"},{"taxonomy":"post_tag","embeddable":true,"href":"https:\/\/www.wacoca.com\/videos\/wp-json\/wp\/v2\/tags?post=2323244"}],"curies":[{"name":"wp","href":"https:\/\/api.w.org\/{rel}","templated":true}]}}