{"id":2266982,"date":"2024-08-13T21:00:27","date_gmt":"2024-08-13T21:00:27","guid":{"rendered":"https:\/\/www.wacoca.com\/videos\/2266982\/celebrity\/"},"modified":"2024-08-13T21:00:27","modified_gmt":"2024-08-13T21:00:27","slug":"lanca-perfume-brasill-jazz-sinfonica-no-memorial-da-america-latina","status":"publish","type":"post","link":"https:\/\/www.wacoca.com\/videos\/2266982\/celebrity\/","title":{"rendered":"Lan\u00e7a Perfume &#8211; Brasill Jazz Sinf\u00f4nica no Memorial da Am\u00e9rica Latina"},"content":{"rendered":"<p><iframe loading=\"lazy\"  width=\"580\" height=\"385\" src=\"https:\/\/www.youtube.com\/embed\/qjpyPbL2ax0?modestbranding=1\" frameborder=\"0\" allowfullscreen><\/iframe><br \/>\n<br \/>\nLan\u00e7a Perfume (Rita Lee e Roberto de Carvalho)<br \/>\nArr: Tiago Costa<br \/>\nReg\u00eancia: Jo\u00e3o Maur\u00edcio Galindo<br \/>\nGravado no Memorial da Am\u00e9rica Latina <\/p>\n<p>Video completo no canal!<\/p>\n<p>Siga as redes da Jazz Sinf\u00f4nica Brasil!<\/p>\n<p>Facebook:<br \/>\nInstagram: <\/p>\n","protected":false},"excerpt":{"rendered":"<p>Lan\u00e7a Perfume (Rita Lee e Roberto de Carvalho) Arr: Tiago Costa Reg\u00eancia: Jo\u00e3o Maur\u00edcio Galindo Gravado no Mem<\/p>\n","protected":false},"author":3,"featured_media":2266983,"comment_status":"","ping_status":"","sticky":false,"template":"","format":"standard","meta":{"footnotes":"","_share_on_mastodon":"0"},"categories":[21045],"tags":[2359,155917,1449637,21047,21046,47726,1449636,1449633,1056443,156913,1184880,1449635,1449631,21233,27372,1449634,1449632,22],"class_list":{"0":"post-2266982","1":"post","2":"type-post","3":"status-publish","4":"format-standard","5":"has-post-thumbnail","7":"category-celebrity","8":"tag-america","9":"tag-brasil","10":"tag-brasill","11":"tag-celebrities","12":"tag-celebrity","13":"tag-jazz","14":"tag-lanca","15":"tag-lancaperfume","16":"tag-latina","17":"tag-memorial","18":"tag-mpb","19":"tag-musicapopularbrasileira","20":"tag-orquestra","21":"tag-perfume","22":"tag-perfume-band","23":"tag-ritalee","24":"tag-sinfonica","25":"tag-vlog"},"share_on_mastodon":{"url":"","error":""},"_links":{"self":[{"href":"https:\/\/www.wacoca.com\/videos\/wp-json\/wp\/v2\/posts\/2266982","targetHints":{"allow":["GET"]}}],"collection":[{"href":"https:\/\/www.wacoca.com\/videos\/wp-json\/wp\/v2\/posts"}],"about":[{"href":"https:\/\/www.wacoca.com\/videos\/wp-json\/wp\/v2\/types\/post"}],"author":[{"embeddable":true,"href":"https:\/\/www.wacoca.com\/videos\/wp-json\/wp\/v2\/users\/3"}],"replies":[{"embeddable":true,"href":"https:\/\/www.wacoca.com\/videos\/wp-json\/wp\/v2\/comments?post=2266982"}],"version-history":[{"count":0,"href":"https:\/\/www.wacoca.com\/videos\/wp-json\/wp\/v2\/posts\/2266982\/revisions"}],"wp:featuredmedia":[{"embeddable":true,"href":"https:\/\/www.wacoca.com\/videos\/wp-json\/wp\/v2\/media\/2266983"}],"wp:attachment":[{"href":"https:\/\/www.wacoca.com\/videos\/wp-json\/wp\/v2\/media?parent=2266982"}],"wp:term":[{"taxonomy":"category","embeddable":true,"href":"https:\/\/www.wacoca.com\/videos\/wp-json\/wp\/v2\/categories?post=2266982"},{"taxonomy":"post_tag","embeddable":true,"href":"https:\/\/www.wacoca.com\/videos\/wp-json\/wp\/v2\/tags?post=2266982"}],"curies":[{"name":"wp","href":"https:\/\/api.w.org\/{rel}","templated":true}]}}