{"id":2266643,"date":"2024-08-12T12:25:19","date_gmt":"2024-08-12T12:25:19","guid":{"rendered":"https:\/\/www.wacoca.com\/videos\/2266643\/celebrity\/"},"modified":"2024-08-12T12:25:19","modified_gmt":"2024-08-12T12:25:19","slug":"aerosmith-live-dream-on-legendado-4k-60fps","status":"publish","type":"post","link":"https:\/\/www.wacoca.com\/videos\/2266643\/celebrity\/","title":{"rendered":"AEROSMITH LIVE &#8211; DREAM ON &#8211; LEGENDADO &#8211; 4K 60fps"},"content":{"rendered":"<p><iframe loading=\"lazy\"  width=\"580\" height=\"385\" src=\"https:\/\/www.youtube.com\/embed\/wtcpvqcVGQ0?modestbranding=1\" frameborder=\"0\" allowfullscreen><\/iframe><br \/>\n<br \/>\nSonhar e Viver: A Jornada Reflexiva de &#8216;Dream On&#8217; do Aerosmith<br \/>\nA m\u00fasica &#8216;Dream On&#8217;, da ic\u00f4nica banda de rock Aerosmith, \u00e9 uma verdadeira viagem pela reflex\u00e3o sobre a vida, o envelhecimento e a busca incessante pelos sonhos. Lan\u00e7ada em 1973, no \u00e1lbum de estreia da banda, a can\u00e7\u00e3o se tornou um dos maiores sucessos do grupo e \u00e9 frequentemente associada \u00e0 perseveran\u00e7a e \u00e0 esperan\u00e7a.<br \/>\nA letra come\u00e7a com uma observa\u00e7\u00e3o sobre o envelhecimento, evidenciada pelas linhas no rosto do narrador que se tornam mais claras a cada olhar no espelho. Essa imagem serve como uma met\u00e1fora para as experi\u00eancias acumuladas ao longo da vida e a inevitabilidade do passar do tempo. O refr\u00e3o &#8216;Sing with me, sing for the year, sing for the laughter and sing for the tear&#8217; \u00e9 um convite para celebrar a vida em todas as suas facetas, sejam elas alegres ou tristes. A m\u00fasica sugere que cantar, ou seja, expressar-se e viver plenamente, \u00e9 uma forma de enfrentar a transitoriedade da exist\u00eancia.<br \/>\nO coro &#8216;Dream on, dream on, dream on, dream until your dreams come true&#8217; \u00e9 um poderoso chamado \u00e0 a\u00e7\u00e3o, incentivando os ouvintes a persistirem em seus sonhos, independentemente dos obst\u00e1culos. A repeti\u00e7\u00e3o da frase &#8216;dream on&#8217; funciona como um mantra, refor\u00e7ando a ideia de que sonhar \u00e9 um processo cont\u00ednuo e vital. A can\u00e7\u00e3o, com sua melodia marcante e a voz inconfund\u00edvel de Steven Tyler, tornou-se um hino atemporal que inspira gera\u00e7\u00f5es a perseguir suas paix\u00f5es e a nunca desistir, mesmo diante das dificuldades da vida.<br \/>\n\/Reflex\u00e3o sobre a vida\/<br \/>\n\/Transitoriedade da Vida\/<br \/>\n\/Persistir nos sonhos\/<\/p>\n<p>Constru\u00e7\u00e3o do eu l\u00edrico em Dream On.<br \/>\n\u201cDream On\u201d, \u00e9 uma can\u00e7\u00e3o que nos leva a uma reflex\u00e3o profunda sobre a vida, o envelhecimento e a busca incessante pelos sonhos. Vamos explorar o eu l\u00edrico presente nessa m\u00fasica:<br \/>\nSonhar e Acreditar:<br \/>\nO eu l\u00edrico expressa a import\u00e2ncia de sonhar e acreditar que os sonhos podem se tornar realidade. A repeti\u00e7\u00e3o da frase \u201cdream on\u201d refor\u00e7a a ideia de que sonhar \u00e9 um processo cont\u00ednuo e vital.<br \/>\nA m\u00fasica sugere que todos t\u00eam suas d\u00edvidas na vida para pagar e que \u00e9 necess\u00e1rio perder para saber vencer. Essa dualidade entre sonhos e desafios \u00e9 central na composi\u00e7\u00e3o.<br \/>\nExperi\u00eancia e Aprendizado:<br \/>\nO eu l\u00edrico viveu e aprendeu com os tolos e os s\u00e1bios. As linhas no rosto, mencionadas na m\u00fasica, simbolizam a passagem do tempo e as experi\u00eancias acumuladas.<br \/>\nA jornada da vida \u00e9 representada pelas p\u00e1ginas de livros escritas, onde cada experi\u00eancia contribui para o crescimento e a sabedoria.<br \/>\nPersist\u00eancia e Esperan\u00e7a:<br \/>\nA mensagem \u00e9 de perseveran\u00e7a. Mesmo diante das dificuldades, o eu l\u00edrico incentiva a continuar sonhando. Cantar pelo \/ano\/, pelo \/riso\/ e pela \/l\u00e1grima\/ sugere que devemos enfrentar os desafios com esperan\u00e7a e coragem.<br \/>\nA refer\u00eancia ao Senhor (Deus) levando embora no futuro indica que a vida \u00e9 ef\u00eamera, mas os sonhos permanecem.<br \/>\nEm resumo, o eu l\u00edrico de \u201cDream On\u201d \u00e9 algu\u00e9m que valoriza os sonhos, aprende com a vida e mant\u00e9m a esperan\u00e7a mesmo diante das adversidades. A m\u00fasica \u00e9 uma verdadeira viagem interior, tocando a alma de quem a ouve.<\/p>\n","protected":false},"excerpt":{"rendered":"<p>Sonhar e Viver: A Jornada Reflexiva de &#8216;Dream On&#8217; do Aerosmith A m\u00fasica &#8216;Dream On&#8217;, da<\/p>\n","protected":false},"author":3,"featured_media":2266644,"comment_status":"","ping_status":"","sticky":false,"template":"","format":"standard","meta":{"footnotes":"","_share_on_mastodon":"0"},"categories":[21045],"tags":[26947,93869,21047,21046,19775,27104,54759,3426,22],"class_list":{"0":"post-2266643","1":"post","2":"type-post","3":"status-publish","4":"format-standard","5":"has-post-thumbnail","7":"category-celebrity","8":"tag-60fps","9":"tag-aerosmith","10":"tag-celebrities","11":"tag-celebrity","12":"tag-dream","13":"tag-dreams-come-true-band","14":"tag-legendado","15":"tag-live","16":"tag-vlog"},"share_on_mastodon":{"url":"","error":""},"_links":{"self":[{"href":"https:\/\/www.wacoca.com\/videos\/wp-json\/wp\/v2\/posts\/2266643","targetHints":{"allow":["GET"]}}],"collection":[{"href":"https:\/\/www.wacoca.com\/videos\/wp-json\/wp\/v2\/posts"}],"about":[{"href":"https:\/\/www.wacoca.com\/videos\/wp-json\/wp\/v2\/types\/post"}],"author":[{"embeddable":true,"href":"https:\/\/www.wacoca.com\/videos\/wp-json\/wp\/v2\/users\/3"}],"replies":[{"embeddable":true,"href":"https:\/\/www.wacoca.com\/videos\/wp-json\/wp\/v2\/comments?post=2266643"}],"version-history":[{"count":0,"href":"https:\/\/www.wacoca.com\/videos\/wp-json\/wp\/v2\/posts\/2266643\/revisions"}],"wp:featuredmedia":[{"embeddable":true,"href":"https:\/\/www.wacoca.com\/videos\/wp-json\/wp\/v2\/media\/2266644"}],"wp:attachment":[{"href":"https:\/\/www.wacoca.com\/videos\/wp-json\/wp\/v2\/media?parent=2266643"}],"wp:term":[{"taxonomy":"category","embeddable":true,"href":"https:\/\/www.wacoca.com\/videos\/wp-json\/wp\/v2\/categories?post=2266643"},{"taxonomy":"post_tag","embeddable":true,"href":"https:\/\/www.wacoca.com\/videos\/wp-json\/wp\/v2\/tags?post=2266643"}],"curies":[{"name":"wp","href":"https:\/\/api.w.org\/{rel}","templated":true}]}}