{"id":2188464,"date":"2024-06-27T11:04:59","date_gmt":"2024-06-27T11:04:59","guid":{"rendered":"https:\/\/www.wacoca.com\/videos\/2188464\/celebrity\/"},"modified":"2024-06-27T11:04:59","modified_gmt":"2024-06-27T11:04:59","slug":"nos-vemos-en-tokio-16-26-6-2024-con-nico-roman-informe-sobre-mota-en-vivo","status":"publish","type":"post","link":"https:\/\/www.wacoca.com\/videos\/2188464\/celebrity\/","title":{"rendered":"Nos vemos en Tokio #16 &#8211; 26\/6\/2024 (Con Nico Rom\u00e1n \/ Informe sobre MOTA en vivo)"},"content":{"rendered":"<p><iframe loading=\"lazy\"  width=\"580\" height=\"385\" src=\"https:\/\/www.youtube.com\/embed\/TPPefl2JIn8?modestbranding=1\" frameborder=\"0\" allowfullscreen><\/iframe><br \/>\n<br \/>\nEn \u00e9sta ocasi\u00f3n nos visita uno de los bajistas m\u00e1s talentosos y prol\u00edficos de nuestra escena nacional&#8230; Toca con Laura Canoura, Jorge Nasser, Alejandro Ferrad\u00e1s; a formado parte de un mont\u00f3n de bandas como Vieja Historia, Los Otros, Los Verde&#8230; y el a\u00f1o pasado sac\u00f3 tremendo disco como solista! Nicol\u00e1s Rom\u00e1n ser\u00e1 entrevistado por Se\u00f1or 90\u00b4s y Liber, previo a su show como solista, en Sala Corchea! Adem\u00e1s tendremos un informe sobre el demoledor show de MOTA, el pasado 22; en Sala del Museo.<\/p>\n","protected":false},"excerpt":{"rendered":"<p>En \u00e9sta ocasi\u00f3n nos visita uno de los bajistas m\u00e1s talentosos y prol\u00edficos de nuestra escena nacional&#8230; T<\/p>\n","protected":false},"author":3,"featured_media":2188465,"comment_status":"","ping_status":"","sticky":false,"template":"","format":"standard","meta":{"footnotes":"","_share_on_mastodon":"0"},"categories":[21045],"tags":[21047,21046,82221,1400907,1400906,1400914,58391,1400905,1400904,1400909,57537,1400908,1400912,1400903,20606,9067,177017,1400910,1400911,83027,21657,1084434,1400913,393916,22],"class_list":{"0":"post-2188464","1":"post","2":"type-post","3":"status-publish","4":"format-standard","5":"has-post-thumbnail","7":"category-celebrity","8":"tag-celebrities","9":"tag-celebrity","10":"tag-con","11":"tag-hermano-produxiones","12":"tag-hugo-wasem","13":"tag-informe","14":"tag-japon","15":"tag-liber-acuna","16":"tag-magikasoul","17":"tag-mota","18":"tag-nico","19":"tag-nico-roman","20":"tag-nos","21":"tag-nos-vemos-en-tokio","22":"tag-pop","23":"tag-rock","24":"tag-roman","25":"tag-sala-corchea","26":"tag-sala-del-museo","27":"tag-sobre","28":"tag-tokio","29":"tag-uruguay","30":"tag-vemos","31":"tag-vivo","32":"tag-vlog"},"share_on_mastodon":{"url":"https:\/\/wakoka.com\/@videos\/112688274150819195","error":""},"_links":{"self":[{"href":"https:\/\/www.wacoca.com\/videos\/wp-json\/wp\/v2\/posts\/2188464","targetHints":{"allow":["GET"]}}],"collection":[{"href":"https:\/\/www.wacoca.com\/videos\/wp-json\/wp\/v2\/posts"}],"about":[{"href":"https:\/\/www.wacoca.com\/videos\/wp-json\/wp\/v2\/types\/post"}],"author":[{"embeddable":true,"href":"https:\/\/www.wacoca.com\/videos\/wp-json\/wp\/v2\/users\/3"}],"replies":[{"embeddable":true,"href":"https:\/\/www.wacoca.com\/videos\/wp-json\/wp\/v2\/comments?post=2188464"}],"version-history":[{"count":0,"href":"https:\/\/www.wacoca.com\/videos\/wp-json\/wp\/v2\/posts\/2188464\/revisions"}],"wp:featuredmedia":[{"embeddable":true,"href":"https:\/\/www.wacoca.com\/videos\/wp-json\/wp\/v2\/media\/2188465"}],"wp:attachment":[{"href":"https:\/\/www.wacoca.com\/videos\/wp-json\/wp\/v2\/media?parent=2188464"}],"wp:term":[{"taxonomy":"category","embeddable":true,"href":"https:\/\/www.wacoca.com\/videos\/wp-json\/wp\/v2\/categories?post=2188464"},{"taxonomy":"post_tag","embeddable":true,"href":"https:\/\/www.wacoca.com\/videos\/wp-json\/wp\/v2\/tags?post=2188464"}],"curies":[{"name":"wp","href":"https:\/\/api.w.org\/{rel}","templated":true}]}}