{"id":2138757,"date":"2024-01-17T11:00:06","date_gmt":"2024-01-17T11:00:06","guid":{"rendered":"https:\/\/www.wacoca.com\/videos\/2138757\/model\/"},"modified":"2024-01-17T11:00:06","modified_gmt":"2024-01-17T11:00:06","slug":"voyou-le-bal-clip-officiel-ft-vanessa-paradis","status":"publish","type":"post","link":"https:\/\/www.wacoca.com\/videos\/2138757\/model\/","title":{"rendered":"Voyou &#8211; Le Bal (Clip officiel) ft. Vanessa Paradis"},"content":{"rendered":"<p><iframe loading=\"lazy\"  width=\"580\" height=\"385\" src=\"https:\/\/www.youtube.com\/embed\/QpUAz-jMMcU?modestbranding=1\" frameborder=\"0\" allowfullscreen><\/iframe><br \/>\n<br \/>\n&#8216;Le Bal&#8217; : https:\/\/voyou.lnk.to\/lebal\/<\/p>\n<p>Abonne-toi \u00e0 la CHAINE OFFICIELLE de Voyou pour d\u00e9couvrir toutes ses nouvelles vid\u00e9os : https:\/\/www.youtube.com\/channel\/UCY8U53brXVph0ydzkttZETQ<\/p>\n<p>&#8212;&#8212;&#8212;&#8212;&#8212;&#8212;&#8212;&#8212;&#8212;&#8212;&#8212;&#8212;&#8212;-<\/p>\n<p>Retrouvez Voyou le 31 janvier 2024 \u00e0 L&#8217;Olympia (Paris) et en concert : https:\/\/tix.to\/Voyou<\/p>\n<p>&#8212;&#8212;&#8212;&#8212;&#8212;&#8212;&#8212;&#8212;&#8212;&#8212;&#8212;&#8212;&#8212;-<\/p>\n<p>Suivre Voyou :<\/p>\n<p>Instagram : https:\/\/www.instagram.com\/voyovoyou\/<br \/>\nTwitter : https:\/\/twitter.com\/voyovoyou<br \/>\nTiktok : https:\/\/www.tiktok.com\/@voyovoyou<br \/>\nFacebook : https:\/\/www.facebook.com\/voyoumusique<\/p>\n<p>&#8212;&#8212;&#8212;&#8212;&#8212;&#8212;&#8212;&#8212;&#8212;&#8212;&#8212;&#8212;&#8212;-<\/p>\n<p>R\u00e9alis\u00e9 par Jade De Brito<br \/>\nProduit par Mireille<br \/>\nProducteur &#8211; \u00c9mile Olagne<br \/>\nProducteur &#8211; L\u00e9o Burgat<br \/>\nDirectrice de production \u2013 Lisa Aboucaya<br \/>\nDirectrice de production &#8211; Morgane Mazurier<br \/>\n1er assistant r\u00e9alisatrice &#8211; Jacques Mady<br \/>\nScripte &#8211; Gr\u00e2ce-Aymone Massianga<br \/>\nChor\u00e9graphe &#8211; Suzanne Meyer<br \/>\nChef op\u00e9rateur \u2013 Th\u00e9o Gely<br \/>\n1er Assistant cam\u00e9ra \u2013 Vassili De Vintcha<br \/>\n2e Assistant cam\u00e9ra\u2013 Louis Chenieux<br \/>\nChef Electricien &#8211; Gwendal Carvenec<br \/>\nElectricienne &#8211; Ines Madetongnon<br \/>\nElectricien &#8211; Antoine Dugne<br \/>\nChef machiniste &#8211; Aristote Phamba<br \/>\nMachiniste &#8211; Lou Muller<br \/>\nR\u00e9gisseuse g\u00e9n\u00e9rale \u2013 Romane Berland<br \/>\nR\u00e9gisseuse &#8211; Feng Liu<br \/>\nR\u00e9gisseur &#8211; Guillaume Losbar<br \/>\nCheffe d\u00e9coratrice &#8211; Margot Thiry<br \/>\nAssistant d\u00e9coratrice &#8211; Micka\u00ebl Wiesengr\u00fcn<br \/>\nAssistant d\u00e9coratrice &#8211; Daniel Cadot<br \/>\nStyliste &#8211; Marine Gorinas<br \/>\nAssistante styliste &#8211; Catherine Lamarre<br \/>\nAssistante styliste &#8211; Leane No\u00ebl<br \/>\nCheffe maquilleuse \u2013 Jade Berrocal<br \/>\nAssistante maquilleuse &#8211; Eleonore Charles<br \/>\nCheffe coiffeuse &#8211; Eva Guide<br \/>\nMaquilleuse Vanessa Paradis &#8211; Khela<br \/>\nCoiffeur Vanessa Paradis &#8211; John Nollet<br \/>\nMonteuse \u2013 Laura Parade<br \/>\nMonteuse &#8211; Jade De Brito<br \/>\nGraphiste split-screen &#8211; Morgane Mazurier<br \/>\nGraphiste g\u00e9n\u00e9rique &#8211; Alice Devaux<br \/>\n\u00c9talonneuse \u2013 Ines Henri Manceau<\/p>\n<p>Musiciens &#8211; Laura Etchegoyhen, Laure Sanchez, Remi Klein, Jean Thevenin<br \/>\nDanseurs \u2013 Th\u00e9o Ad\u00e8le, Maria Clara Massela, Laurent Come, Fillie Corbalan, L\u00e9o<br \/>\nDemontard, Marthe Dubart, Jeanne Dumons, Florence Fortune, Virginie Fran\u00e7ois-Sorton,<br \/>\nElijah Gury, Philippe Kande, Philippine Labrousse, Etienne Mercier, Rayan Ouzane, Corentin<br \/>\nPelletier, Toon R\u00e9unis, Floriane Ribiere.<br \/>\nUn grand merci \u00e0 Chanel, \u00e0 Alexei et Fred du studio Rod\u00e9o Drive, \u00e0 Corentin Vatan (Full<br \/>\nMotion), \u00e0 Sarah Talpaert (Transpa), \u00e0 Ema Soupa (Cutaway), \u00e0 Nour Mady (Rose Paris)<br \/>\nainsi qu\u2019au restaurant l\u2019\u00c9picurien.<br \/>\nFournisseurs \u2013 Fullmotion, Transpalux, Transpagrip, UCAR, Larosa, Paris Kitchen, Rubini.<\/p>\n","protected":false},"excerpt":{"rendered":"<p>&#8216;Le Bal&#8217; : https:\/\/voyou.lnk.to\/lebal\/ Abonne-toi \u00e0 la CHAINE OFFICIELLE de Voyou pour d\u00e9couvrir t<\/p>\n","protected":false},"author":3,"featured_media":2138758,"comment_status":"","ping_status":"","sticky":false,"template":"","format":"standard","meta":{"footnotes":"","_share_on_mastodon":"0"},"categories":[627838],"tags":[567920,1373256,1373253,1373250,1373247,293381,1373261,627860,1373244,1373255,1373252,1373249,1373246,1373265,1373263,1373260,1373258,11679,1373243,1373254,1373251,1373248,1373245,1373264,1373262,1373259,1373257,637405],"class_list":{"0":"post-2138757","1":"post","2":"type-post","3":"status-publish","4":"format-standard","5":"has-post-thumbnail","7":"category-model","8":"tag-567920","9":"tag-clip-officiel","10":"tag-enfin","11":"tag-lhiver","12":"tag-le-bal","13":"tag-olympia","14":"tag-soleil-soleil","15":"tag-supermodel","16":"tag-vanessa-paradis-2024","17":"tag-vanessa-paradis-clip-officiel","18":"tag-vanessa-paradis-enfin","19":"tag-vanessa-paradis-lhiver","20":"tag-vanessa-paradis-le-bal","21":"tag-vanessa-paradis-live","22":"tag-vanessa-paradis-olympia","23":"tag-vanessa-paradis-soleil-soleil","24":"tag-vanessa-paradis-video","25":"tag-video","26":"tag-voyou-2024","27":"tag-voyou-clip-officiel","28":"tag-voyou-enfin","29":"tag-voyou-lhiver","30":"tag-voyou-le-bal","31":"tag-voyou-live","32":"tag-voyou-olympia","33":"tag-voyou-soleil-soleil","34":"tag-voyou-video","35":"tag-637405"},"share_on_mastodon":{"url":"","error":""},"_links":{"self":[{"href":"https:\/\/www.wacoca.com\/videos\/wp-json\/wp\/v2\/posts\/2138757","targetHints":{"allow":["GET"]}}],"collection":[{"href":"https:\/\/www.wacoca.com\/videos\/wp-json\/wp\/v2\/posts"}],"about":[{"href":"https:\/\/www.wacoca.com\/videos\/wp-json\/wp\/v2\/types\/post"}],"author":[{"embeddable":true,"href":"https:\/\/www.wacoca.com\/videos\/wp-json\/wp\/v2\/users\/3"}],"replies":[{"embeddable":true,"href":"https:\/\/www.wacoca.com\/videos\/wp-json\/wp\/v2\/comments?post=2138757"}],"version-history":[{"count":0,"href":"https:\/\/www.wacoca.com\/videos\/wp-json\/wp\/v2\/posts\/2138757\/revisions"}],"wp:featuredmedia":[{"embeddable":true,"href":"https:\/\/www.wacoca.com\/videos\/wp-json\/wp\/v2\/media\/2138758"}],"wp:attachment":[{"href":"https:\/\/www.wacoca.com\/videos\/wp-json\/wp\/v2\/media?parent=2138757"}],"wp:term":[{"taxonomy":"category","embeddable":true,"href":"https:\/\/www.wacoca.com\/videos\/wp-json\/wp\/v2\/categories?post=2138757"},{"taxonomy":"post_tag","embeddable":true,"href":"https:\/\/www.wacoca.com\/videos\/wp-json\/wp\/v2\/tags?post=2138757"}],"curies":[{"name":"wp","href":"https:\/\/api.w.org\/{rel}","templated":true}]}}