{"id":1996609,"date":"2024-01-03T17:24:34","date_gmt":"2024-01-03T17:24:34","guid":{"rendered":"https:\/\/www.wacoca.com\/videos\/1996609\/celebrity\/"},"modified":"2024-01-03T17:24:34","modified_gmt":"2024-01-03T17:24:34","slug":"katastrofa-lotnicza-splona%cc%a8l-samolot-400-pasaz%cc%87erow-japonia","status":"publish","type":"post","link":"https:\/\/www.wacoca.com\/videos\/1996609\/celebrity\/","title":{"rendered":"Katastrofa Lotnicza &#8211; Sp\u0142ona\u0328\u0142 Samolot 400 Pasaz\u0307ero\u0301w &#8211; JAPONIA"},"content":{"rendered":"<p><iframe loading=\"lazy\"  width=\"580\" height=\"385\" src=\"https:\/\/www.youtube.com\/embed\/60F8saiELPo?modestbranding=1\" frameborder=\"0\" allowfullscreen><\/iframe><br \/>\n<br \/>\nPocz\u0105tek tego roku to jak nie niefortunne wypowiedzi o kt\u00f3rych m\u00f3wi ca\u0142a europa gdzie Pietrzak wypowiedzia\u0142 si\u0119 w nietrafiony spos\u00f3b o \u201ebarakach w Treblince dla imigrant\u00f3w\u201d, to b\u0142\u0105d googla o kt\u00f3rym m\u00f3wi ca\u0142a polska, gdzie z\u0142ot\u00f3wka w jeden dzie\u0144 w niewyja\u015bniony spos\u00f3b straci\u0142a 30%, co zosta\u0142o szybko naprawione. Jednak to nic w por\u00f3wnaniu z wypadkiem o kt\u00f3rym m\u00f3wi ca\u0142y \u015bwiat. W Tokio dosz\u0142o do katastrofy, podczas kt\u00f3rej samolot doszcz\u0119tnie sp\u0142on\u0105\u0142.<\/p>\n<p>&#8211; UPDATE &#8211;<br \/>\nJapo\u0144skie w\u0142adze opublikowa\u0142y zapis rozm\u00f3w z kontrol\u0105 lot\u00f3w z dnia, w kt\u00f3rym dosz\u0142o do katastrofy na tokijskim lotnisku. Z przedstawionych informacji wynika, \u017ce maszyna japo\u0144skiej stra\u017cy przybrze\u017cnej, kt\u00f3ra zderzy\u0142a si\u0119 z samolotem pasa\u017cerskim, nie mia\u0142 pozwolenia na korzystanie z pasa startowego.<br \/>\nZ transkrypcji wynika, \u017ce maszyna stra\u017cy przybrze\u017cnej nie dosta\u0142a zgody na wjazd na pas startowy, gdzie dosz\u0142o do kolizji. Pilot maszyny, kt\u00f3ry wyszed\u0142 z wypadku z powa\u017cnymi obra\u017ceniami, twierdzi natomiast, \u017ce takie pozwolenie otrzyma\u0142.<\/p>\n<p>\u017ar\u00f3d\u0142o: <\/p>\n<p>\u250c\u2500\u2500\u2500\u2500\u2500\u2500\ud83d\udc8c  MOJE KANA\u0141Y  \ud83d\udc8c\u2500\u2500\u2500\u2500\u2500\u2500<br \/>\n\u2699\ufe0f Vlogi:<br \/>\n\u2699\ufe0f Gaming:<br \/>\n\u2514\u2500\u2500\u2500\u2500\u2500\u2500\u2500\u2500\u2500\u2500\u2500\u2500\u2500\u2500\u2500\u2500\u2500\u2500\u2500\u2500\u2500\u2500<\/p>\n<p>\u250c\u2500\u2500\u2500\u2500\u2500\u2500\ud83d\udc8c  INSTAGRAMY  \ud83d\udc8c\u2500\u2500\u2500\u2500\u2500\u2500<br \/>\n\ud83d\udcee G\u0142\u00f3wny :<br \/>\n\ud83d\udcee Vlogowy :<br \/>\n\u2514\u2500\u2500\u2500\u2500\u2500\u2500\u2500\u2500\u2500\u2500\u2500\u2500\u2500\u2500\u2500\u2500\u2500\u2500\u2500\u2500\u2500\u2500<\/p>\n<p>Autor i Tw\u00f3rca tego kana\u0142u nie ro\u015bci sobie \u017cadnych praw do zdj\u0119\u0107\/grafik zawartych w tym filmie. Materia\u0142y wykorzystane s\u0105 w ramach dozwolonego u\u017cytku, w celu umo\u017cliwienia osobom ogl\u0105daj\u0105cym materia\u0142 lepszego zrozumienia przedstawianych w nim tre\u015bci i informacji. W sprawach dot. praw autorskich prosz\u0119 o kontakt pod adresem mailowym.<\/p>\n<p>\u250c\u2500\u2500\u2500\u2500\u2500\u2500\u2500\u26a0\ufe0f KONTAKT \u26a0\ufe0f\u2500\u2500\u2500\u2500\u2500\u2500\u2500\u2500<br \/>\n\ud83d\udc8c MAIL\u279b GdzieTaniejWspolpraca@gmail.com<br \/>\n\ud83d\udc7b TikTok\u279b<br \/>\n\ud83d\udcf7 Instagram\u279b gdzietaniej<br \/>\n\ud83d\udceeGrupa FB\u279b<br \/>\n\u2514\u2500\u2500\u2500\u2500\u2500\u2500\u2500\u2500\u2500\u2500\u2500\u2500\u2500\u2500\u2500\u2500\u2500\u2500\u2500\u2500\u2500\u2500\u2500<\/p>\n","protected":false},"excerpt":{"rendered":"<p>Pocz\u0105tek tego roku to jak nie niefortunne wypowiedzi o kt\u00f3rych m\u00f3wi ca\u0142a europa gdzie Pietrzak wypowiedzia\u0142 si<\/p>\n","protected":false},"author":3,"featured_media":1996610,"comment_status":"","ping_status":"","sticky":false,"template":"","format":"standard","meta":{"footnotes":"","_share_on_mastodon":"0"},"categories":[21045],"tags":[1296314,195611,1296323,21047,21046,1296326,1296325,121367,1296312,1296315,104703,1296327,1296311,1296320,1296310,1296313,1296316,1296328,1296317,1296330,1296308,1296309,1296319,1296318,1296329,21657,1296322,1296324,1296321,22],"class_list":{"0":"post-1996609","1":"post","2":"type-post","3":"status-publish","4":"format-standard","5":"has-post-thumbnail","7":"category-celebrity","8":"tag-400-osob","9":"tag-airplane","10":"tag-airplane-crash","11":"tag-celebrities","12":"tag-celebrity","13":"tag-fail-airplane","14":"tag-fail-fly","15":"tag-fly","16":"tag-gdzie-taniej","17":"tag-ile-osob","18":"tag-japonia","19":"tag-katastrofa","20":"tag-katastrofa-lotnicza","21":"tag-katastrofa-na-lotnisku","22":"tag-katastrofa-samolotu","23":"tag-katastrofa-tokio","24":"tag-lot-japonia","25":"tag-lotnicza","26":"tag-loty-japonia","27":"tag-pasazerow","28":"tag-samolot","29":"tag-samolot-japonia","30":"tag-samoloty-zderzyly-sie-na-lotnisku","31":"tag-sky-radar","32":"tag-splonal","33":"tag-tokio","34":"tag-tokio-airplane","35":"tag-tokio-crash","36":"tag-tokio-fly","37":"tag-vlog"},"share_on_mastodon":{"url":"","error":""},"_links":{"self":[{"href":"https:\/\/www.wacoca.com\/videos\/wp-json\/wp\/v2\/posts\/1996609","targetHints":{"allow":["GET"]}}],"collection":[{"href":"https:\/\/www.wacoca.com\/videos\/wp-json\/wp\/v2\/posts"}],"about":[{"href":"https:\/\/www.wacoca.com\/videos\/wp-json\/wp\/v2\/types\/post"}],"author":[{"embeddable":true,"href":"https:\/\/www.wacoca.com\/videos\/wp-json\/wp\/v2\/users\/3"}],"replies":[{"embeddable":true,"href":"https:\/\/www.wacoca.com\/videos\/wp-json\/wp\/v2\/comments?post=1996609"}],"version-history":[{"count":0,"href":"https:\/\/www.wacoca.com\/videos\/wp-json\/wp\/v2\/posts\/1996609\/revisions"}],"wp:featuredmedia":[{"embeddable":true,"href":"https:\/\/www.wacoca.com\/videos\/wp-json\/wp\/v2\/media\/1996610"}],"wp:attachment":[{"href":"https:\/\/www.wacoca.com\/videos\/wp-json\/wp\/v2\/media?parent=1996609"}],"wp:term":[{"taxonomy":"category","embeddable":true,"href":"https:\/\/www.wacoca.com\/videos\/wp-json\/wp\/v2\/categories?post=1996609"},{"taxonomy":"post_tag","embeddable":true,"href":"https:\/\/www.wacoca.com\/videos\/wp-json\/wp\/v2\/tags?post=1996609"}],"curies":[{"name":"wp","href":"https:\/\/api.w.org\/{rel}","templated":true}]}}