{"id":1987677,"date":"2023-12-30T17:30:08","date_gmt":"2023-12-30T17:30:08","guid":{"rendered":"https:\/\/www.wacoca.com\/videos\/1987677\/celebrity\/"},"modified":"2023-12-30T17:30:08","modified_gmt":"2023-12-30T17:30:08","slug":"ingreso-a-tokio-prohibido-excluida-por-ser-cubana-%f0%9d%97%97%f0%9d%97%ae%f0%9d%97%b9%f0%9d%97%b2-%f0%9d%97%be-%f0%9d%97%94%f0%9d%97%bf%f0%9d%97%bf%f0%9d%97%ae%f0%9d%97%bb%f0%9d%97%b0","status":"publish","type":"post","link":"https:\/\/www.wacoca.com\/videos\/1987677\/celebrity\/","title":{"rendered":"INGRESO a Tokio PROHIBIDO \/ &#8220;Excluida por ser Cubana &#8221; \/  \ud835\uddd7\ud835\uddee\ud835\uddf9\ud835\uddf2 \ud835\uddfe\u00b4 \ud835\uddd4\ud835\uddff\ud835\uddff\ud835\uddee\ud835\uddfb\ud835\uddf0\ud835\uddee\ud835\uddfa\ud835\uddfc\ud835\ude00"},"content":{"rendered":"<p><iframe loading=\"lazy\"  width=\"580\" height=\"385\" src=\"https:\/\/www.youtube.com\/embed\/WpSVCpmFLaA?modestbranding=1\" frameborder=\"0\" allowfullscreen><\/iframe><br \/>\n<br \/>\n\u00a1Viajar 35 horas desde Montevideo a Jap\u00f3n para que no me dejen ingresar a Tokio por ser cubana es de las peores cosas que te pueden pasar! \ud83c\udf0d\u2708\ufe0f Pero aunque las circunstancias no siempre est\u00e9n de nuestro lado, siempre hay una lecci\u00f3n que aprender y una historia que contar. As\u00ed que perm\u00edteme compartir contigo mi aventura y todo lo que aprend\u00ed en este viaje lleno de sorpresas. \ud83d\udcab\ud83d\udcd6<\/p>\n<p>Desde el momento en que decid\u00ed emprender este viaje, sab\u00eda que iba a enfrentar desaf\u00edos y obst\u00e1culos. Pero mi pasi\u00f3n por conocer nuevas culturas y sumergirme en la belleza de Jap\u00f3n no pod\u00eda ser detenida. As\u00ed que con mi equipaje lleno de sue\u00f1os y emociones, me embarqu\u00e9 en un viaje \u00e9pico que me llevar\u00eda a trav\u00e9s de diferentes continentes y oc\u00e9anos.<\/p>\n<p>Despu\u00e9s de 35 horas de vuelo, llegu\u00e9 a Tokio con el coraz\u00f3n lleno de expectativas y entusiasmo. Pero, desafortunadamente, al llegar a Migraci\u00f3n, me encontr\u00e9 con un obst\u00e1culo inesperado. Debido a mi nacionalidad cubana, me dijeron que no pod\u00eda ingresar a la ciudad. Fue un golpe duro y una gran decepci\u00f3n. Pero en lugar de dejarme vencer, decid\u00ed convertir esta experiencia en una oportunidad para crecer y aprender.<\/p>\n<p>Tu suscripci\u00f3n (es gratis) y a nosotros nos ayud\u00e1s un mont\u00f3n \ud83d\ude0d<\/p>\n<p>Es una excelente forma de apoyar nuestro contenido \ud83e\udd70\ud83e\udd70<br \/>\nAdemas que nuestras vivencias  pueden darte algo de informaci\u00f3n  para tu propio Viaje. Ojal\u00e1 nos encontremos en Ruta !!<\/p>\n<p>\ud83c\udf0e Si quieres saber nuestro d\u00eda a d\u00eda s\u00edguenos en Instagram: <\/p>\n<p>\ud835\udc0d\ud835\udc28\ud835\udc2c \ud835\udc2f\ud835\udc1e\ud835\udc26\ud835\udc28\ud835\udc2c \ud835\udc29\ud835\udc28\ud835\udc2b \ud835\udc1a\ud835\udc25\ud835\udc25\u00e1!<br \/>\nGRACIAS POR VER ESTE VIDEO &#8230; POR DARLE  LIKE Y COMPARTIRLO<br \/>\nESO ES  DE GRAN AYUDA !!<\/p>\n<p>INGRESO a Tokio PROHIBIDO \/ &#8220;Excluida por ser Cubana &#8221; \/  \ud835\uddd7\ud835\uddee\ud835\uddf9\ud835\uddf2 \ud835\uddfe\u00b4 \ud835\uddd4\ud835\uddff\ud835\uddff\ud835\uddee\ud835\uddfb\ud835\uddf0\ud835\uddee\ud835\uddfa\ud835\uddfc\ud835\ude00<br \/>\n&#8212;&#8212;&#8212;&#8212;&#8212;&#8212;&#8212;&#8212;&#8212;&#8212;&#8212;&#8212;&#8212;&#8212;&#8212;&#8212;&#8212;&#8212;&#8212;&#8212;&#8212;&#8212;&#8212;&#8212;&#8212;&#8212;&#8212;&#8212;&#8212;&#8212;&#8212;&#8212;&#8212;&#8212;&#8212;&#8212;&#8212;&#8212;&#8212;&#8212;&#8212;&#8212;&#8212;&#8211;<br \/>\n#casarodante #combi  #vanagon #casarodante #combi #vanagon #camperizacion #remodelacion de #motohome en #uruguay para salir a recorrer #americadelsur en la #kombi  y grabar muchos #vlog y #blog de #viajes ( #travel ) por toda #america<\/p>\n","protected":false},"excerpt":{"rendered":"<p>\u00a1Viajar 35 horas desde Montevideo a Jap\u00f3n para que no me dejen ingresar a Tokio por ser cubana es de las peore<\/p>\n","protected":false},"author":3,"featured_media":1987678,"comment_status":"","ping_status":"","sticky":false,"template":"","format":"standard","meta":{"footnotes":"","_share_on_mastodon":"0"},"categories":[21045],"tags":[1291124,1291126,1291127,1291128,3834,21047,21046,146585,82221,1291136,1084430,1291130,1291118,1291120,47718,1291119,1291134,1291117,934820,1291131,1291129,1291132,1291116,106,9764,170,1291121,1291112,1291125,1291114,82218,1291133,1291135,1291113,1291110,21657,4572,1291122,1291123,951615,1084434,1291111,337880,1291115,388542,22,270268,35367,737203],"class_list":{"0":"post-1987677","1":"post","2":"type-post","3":"status-publish","4":"format-standard","5":"has-post-thumbnail","7":"category-celebrity","8":"tag-35-horas-desde-montevideo-a-japon","9":"tag-aereopuerto","10":"tag-aeropuerto","11":"tag-alerta-aeropuerto","12":"tag-aventura","13":"tag-celebrities","14":"tag-celebrity","15":"tag-combi","16":"tag-con","17":"tag-cubana","18":"tag-cubanos-por-el-mundo","19":"tag-cubanosporelmundo","20":"tag-daleqarrancamos","21":"tag-dalequearrancamos","22":"tag-de","23":"tag-dqa","24":"tag-excluida","25":"tag-excluida-por-ser-cubana","26":"tag-gato","27":"tag-haneda-airport","28":"tag-haneda-airport-to-tokyo","29":"tag-ingreso","30":"tag-ingreso-a-tokio-prohibido","31":"tag-japan","32":"tag-japan-travel","33":"tag-japanese","34":"tag-juniorymaily","35":"tag-kombi","36":"tag-no-me-dejen-ingresar-a-tokio-por-ser-cubana","37":"tag-pareja","38":"tag-por","39":"tag-prohibido","40":"tag-ser","41":"tag-t25","42":"tag-t3","43":"tag-tokio","44":"tag-travel","45":"tag-travel-documentary","46":"tag-travel-guide","47":"tag-travel-tips","48":"tag-uruguay","49":"tag-vanagon","50":"tag-viaje","51":"tag-viajera","52":"tag-viajes","53":"tag-vlog","54":"tag-270268","55":"tag-35367","56":"tag-737203"},"share_on_mastodon":{"url":"","error":""},"_links":{"self":[{"href":"https:\/\/www.wacoca.com\/videos\/wp-json\/wp\/v2\/posts\/1987677","targetHints":{"allow":["GET"]}}],"collection":[{"href":"https:\/\/www.wacoca.com\/videos\/wp-json\/wp\/v2\/posts"}],"about":[{"href":"https:\/\/www.wacoca.com\/videos\/wp-json\/wp\/v2\/types\/post"}],"author":[{"embeddable":true,"href":"https:\/\/www.wacoca.com\/videos\/wp-json\/wp\/v2\/users\/3"}],"replies":[{"embeddable":true,"href":"https:\/\/www.wacoca.com\/videos\/wp-json\/wp\/v2\/comments?post=1987677"}],"version-history":[{"count":0,"href":"https:\/\/www.wacoca.com\/videos\/wp-json\/wp\/v2\/posts\/1987677\/revisions"}],"wp:featuredmedia":[{"embeddable":true,"href":"https:\/\/www.wacoca.com\/videos\/wp-json\/wp\/v2\/media\/1987678"}],"wp:attachment":[{"href":"https:\/\/www.wacoca.com\/videos\/wp-json\/wp\/v2\/media?parent=1987677"}],"wp:term":[{"taxonomy":"category","embeddable":true,"href":"https:\/\/www.wacoca.com\/videos\/wp-json\/wp\/v2\/categories?post=1987677"},{"taxonomy":"post_tag","embeddable":true,"href":"https:\/\/www.wacoca.com\/videos\/wp-json\/wp\/v2\/tags?post=1987677"}],"curies":[{"name":"wp","href":"https:\/\/api.w.org\/{rel}","templated":true}]}}