{"id":1979640,"date":"2023-02-10T21:10:00","date_gmt":"2023-02-10T21:10:00","guid":{"rendered":"https:\/\/www.wacoca.com\/videos\/1979640\/model\/"},"modified":"2023-02-10T21:10:00","modified_gmt":"2023-02-10T21:10:00","slug":"sara-sampaio-in-the-lens-of-stylish-chavi-gordo-for-spanish-elle","status":"publish","type":"post","link":"https:\/\/www.wacoca.com\/videos\/1979640\/model\/","title":{"rendered":"Sara Sampaio in the lens of stylish Chavi Gordo for Spanish ELLE"},"content":{"rendered":"<p><iframe loading=\"lazy\"  width=\"580\" height=\"385\" src=\"https:\/\/www.youtube.com\/embed\/Hq9-0lz-1vk?modestbranding=1\" frameborder=\"0\" allowfullscreen><\/iframe><br \/>\n<br \/>\nSara Sampaio dans l&#8217;objectif de la chic Chavi Gordo pour ELLE espagnole<br \/>\n\u0421\u0430\u0440\u0430 \u0421\u0430\u043c\u043f\u0430\u0439\u043e \u0432 \u043e\u0431\u044a\u0435\u043a\u0442\u0438\u0432\u0435 \u0448\u0438\u043a\u0430\u0440\u043d\u043e\u0439 \u0427\u0430\u0432\u0438 \u0413\u043e\u0440\u0434\u043e \u0434\u043b\u044f \u0438\u0441\u043f\u0430\u043d\u0441\u043a\u043e\u0433\u043e ELLE<br \/>\nSara Sampaio in the lens of the chic Chavi Gordo for the Spanish ELLE<br \/>\n\u0633\u0627\u0631\u0629 \u0633\u0627\u0645\u0628\u0627\u064a\u0648 \u0641\u064a \u0639\u062f\u0633\u0629 Chavi Gordo \u0627\u0644\u0623\u0646\u064a\u0642 \u0644\u0640 ELLE \u0627\u0644\u0625\u0633\u0628\u0627\u0646\u064a<br \/>\nELLE \u0938\u094d\u092a\u0947\u0928 \u0915\u0947 \u0932\u093f\u090f \u0938\u0941\u0930\u0941\u091a\u093f\u092a\u0942\u0930\u094d\u0923 Chavi Gordo \u0932\u0947\u0902\u0938 \u092e\u0947\u0902 Sara Sampaio<br \/>\nELLE Spain\uc744 \uc704\ud574 \uc6b0\uc544\ud55c \ucc28\ube44 \uace0\ub974\ub3c4 \ub80c\uc988\ub97c \ucc29\uc6a9\ud55c \uc0ac\ub77c \uc0bc\ud30c\uc774\uc624<br \/>\nSampaio, ELLE \u0130spanya i\u00e7in zarif Xavi Gordo camlar\u0131 yaratacak<br \/>\nSampaio \u4e3a\u897f\u73ed\u7259 ELLE \u6253\u9020\u4f18\u96c5\u7684 Xavi Gordo \u773c\u955c<br \/>\nhttps:\/\/youtube.com\/shorts\/22ZMxRz4-lk?feature=share<br \/>\n<iframe loading=\"lazy\" title=\"Christian Siriano show kicks off New York Fashion WeekThe fall-winter 2023 collection show#shorts\" width=\"770\" height=\"578\" src=\"https:\/\/www.youtube.com\/embed\/HVQDSkbL6QM?feature=oembed\" frameborder=\"0\" allow=\"accelerometer; autoplay; clipboard-write; encrypted-media; gyroscope; picture-in-picture; web-share\" allowfullscreen><\/iframe><br \/>\n<iframe loading=\"lazy\" title=\"Zuhair Murad Murad Couture Spring-Summer 2023 show#fashionmoment #fashion #style #shorts\" width=\"770\" height=\"578\" src=\"https:\/\/www.youtube.com\/embed\/94Y6H0hVufY?feature=oembed\" frameborder=\"0\" allow=\"accelerometer; autoplay; clipboard-write; encrypted-media; gyroscope; picture-in-picture; web-share\" allowfullscreen><\/iframe><\/p>\n","protected":false},"excerpt":{"rendered":"<p>Sara Sampaio dans l&#8217;objectif de la chic Chavi Gordo pour ELLE espagnole \u0421\u0430\u0440\u0430 \u0421\u0430\u043c\u043f\u0430\u0439\u043e \u0432 \u043e\u0431\u044a\u0435\u043a\u0442\u0438\u0432\u0435 \u0448\u0438\u043a\u0430\u0440\u043d\u043e<\/p>\n","protected":false},"author":3,"featured_media":1979641,"comment_status":"","ping_status":"","sticky":false,"template":"","format":"standard","meta":{"footnotes":"","_share_on_mastodon":"0"},"categories":[627838],"tags":[1286383,1286388,63810,66170,15270,729877,1198985,1286389,1286384,21026,13215,1286390,82678,627860,1286391,1286392,1178934,1286385,1286386,1286393,7495,1286387,1286394,1286395,960355,636614],"class_list":{"0":"post-1979640","1":"post","2":"type-post","3":"status-publish","4":"format-standard","5":"has-post-thumbnail","7":"category-model","8":"tag-2023-fashion-trends","9":"tag-ary-news","10":"tag-breaking-news","11":"tag-earthquake","12":"tag-fashion","13":"tag-fashion-trends","14":"tag-fashion-trends-2023","15":"tag-moda-2023-mujer","16":"tag-moda-2023-primavera-verano","17":"tag-new","18":"tag-news","19":"tag-news-1st","20":"tag-news-live","21":"tag-supermodel","22":"tag-tendencias-moda-2023-mujer","23":"tag-tesla-model-y","24":"tag-tiktok-2023","25":"tag-tiktok-mashup-2023","26":"tag-trend-2023","27":"tag-trending-topics-on-youtube","28":"tag-turkey","29":"tag-turkey-new","30":"tag-turkey-news","31":"tag-youtube-shorts-2023","32":"tag-youtube-shorts-monetization","33":"tag-636614"},"share_on_mastodon":{"url":"","error":""},"_links":{"self":[{"href":"https:\/\/www.wacoca.com\/videos\/wp-json\/wp\/v2\/posts\/1979640","targetHints":{"allow":["GET"]}}],"collection":[{"href":"https:\/\/www.wacoca.com\/videos\/wp-json\/wp\/v2\/posts"}],"about":[{"href":"https:\/\/www.wacoca.com\/videos\/wp-json\/wp\/v2\/types\/post"}],"author":[{"embeddable":true,"href":"https:\/\/www.wacoca.com\/videos\/wp-json\/wp\/v2\/users\/3"}],"replies":[{"embeddable":true,"href":"https:\/\/www.wacoca.com\/videos\/wp-json\/wp\/v2\/comments?post=1979640"}],"version-history":[{"count":0,"href":"https:\/\/www.wacoca.com\/videos\/wp-json\/wp\/v2\/posts\/1979640\/revisions"}],"wp:featuredmedia":[{"embeddable":true,"href":"https:\/\/www.wacoca.com\/videos\/wp-json\/wp\/v2\/media\/1979641"}],"wp:attachment":[{"href":"https:\/\/www.wacoca.com\/videos\/wp-json\/wp\/v2\/media?parent=1979640"}],"wp:term":[{"taxonomy":"category","embeddable":true,"href":"https:\/\/www.wacoca.com\/videos\/wp-json\/wp\/v2\/categories?post=1979640"},{"taxonomy":"post_tag","embeddable":true,"href":"https:\/\/www.wacoca.com\/videos\/wp-json\/wp\/v2\/tags?post=1979640"}],"curies":[{"name":"wp","href":"https:\/\/api.w.org\/{rel}","templated":true}]}}