{"id":1945010,"date":"2023-11-15T20:45:02","date_gmt":"2023-11-15T20:45:02","guid":{"rendered":"https:\/\/www.wacoca.com\/videos\/1945010\/celebrity\/"},"modified":"2023-11-15T20:45:02","modified_gmt":"2023-11-15T20:45:02","slug":"laguneras-logran-record-guinness-le-ganaron-a-tokio","status":"publish","type":"post","link":"https:\/\/www.wacoca.com\/videos\/1945010\/celebrity\/","title":{"rendered":"Laguneras logran r\u00e9cord Guinness; le ganaron a Tokio"},"content":{"rendered":"<p><iframe loading=\"lazy\"  width=\"580\" height=\"385\" src=\"https:\/\/www.youtube.com\/embed\/oa-xCigPKHM?modestbranding=1\" frameborder=\"0\" allowfullscreen><\/iframe><br \/>\n<br \/>\nA trav\u00e9s del proyecto de M\u00e9xico para el mundo, cuatro laguneras formaron parte del r\u00e9cord Guinness de la escultura m\u00e1s grande con globos. Acudieron a la Ciudad de M\u00e9xico el pasado 10 de noviembre, para romper la marca que le pertenec\u00eda a Tokio. <\/p>\n<p>#Telediariomatutino  #TelediarioLaguna #\u00c1ngelCarrillo #ValeriaBarquera <\/p>\n<p>Sigue el acontecer diario en:<\/p>\n<p>Y nuestro EN VIVO 24 horas todo el a\u00f1o en:<\/p>\n<p>Adem\u00e1s de nuestras redes sociales:<\/p>\n","protected":false},"excerpt":{"rendered":"<p>A trav\u00e9s del proyecto de M\u00e9xico para el mundo, cuatro laguneras formaron parte del r\u00e9cord Guinness de la escul<\/p>\n","protected":false},"author":3,"featured_media":1945011,"comment_status":"","ping_status":"","sticky":false,"template":"","format":"standard","meta":{"footnotes":"","_share_on_mastodon":"0"},"categories":[21045],"tags":[1268602,21047,21046,1268606,381031,1268604,1268605,1268601,1268599,11182,1268603,1268600,21657,22],"class_list":{"0":"post-1945010","1":"post","2":"type-post","3":"status-publish","4":"format-standard","5":"has-post-thumbnail","7":"category-celebrity","8":"tag-canal-6","9":"tag-celebrities","10":"tag-celebrity","11":"tag-ganaron","12":"tag-guinness","13":"tag-laguneras","14":"tag-logran","15":"tag-multimedios-en-vivo","16":"tag-multimedios-laguna","17":"tag-record","18":"tag-telediario-en-vivo","19":"tag-telediario-laguna","20":"tag-tokio","21":"tag-vlog"},"share_on_mastodon":{"url":"","error":""},"_links":{"self":[{"href":"https:\/\/www.wacoca.com\/videos\/wp-json\/wp\/v2\/posts\/1945010","targetHints":{"allow":["GET"]}}],"collection":[{"href":"https:\/\/www.wacoca.com\/videos\/wp-json\/wp\/v2\/posts"}],"about":[{"href":"https:\/\/www.wacoca.com\/videos\/wp-json\/wp\/v2\/types\/post"}],"author":[{"embeddable":true,"href":"https:\/\/www.wacoca.com\/videos\/wp-json\/wp\/v2\/users\/3"}],"replies":[{"embeddable":true,"href":"https:\/\/www.wacoca.com\/videos\/wp-json\/wp\/v2\/comments?post=1945010"}],"version-history":[{"count":0,"href":"https:\/\/www.wacoca.com\/videos\/wp-json\/wp\/v2\/posts\/1945010\/revisions"}],"wp:featuredmedia":[{"embeddable":true,"href":"https:\/\/www.wacoca.com\/videos\/wp-json\/wp\/v2\/media\/1945011"}],"wp:attachment":[{"href":"https:\/\/www.wacoca.com\/videos\/wp-json\/wp\/v2\/media?parent=1945010"}],"wp:term":[{"taxonomy":"category","embeddable":true,"href":"https:\/\/www.wacoca.com\/videos\/wp-json\/wp\/v2\/categories?post=1945010"},{"taxonomy":"post_tag","embeddable":true,"href":"https:\/\/www.wacoca.com\/videos\/wp-json\/wp\/v2\/tags?post=1945010"}],"curies":[{"name":"wp","href":"https:\/\/api.w.org\/{rel}","templated":true}]}}