{"id":1928082,"date":"2023-10-30T13:30:11","date_gmt":"2023-10-30T13:30:11","guid":{"rendered":"https:\/\/www.wacoca.com\/videos\/1928082\/celebrity\/"},"modified":"2023-10-30T13:30:11","modified_gmt":"2023-10-30T13:30:11","slug":"los-ultimos-de-tokio-flamenco-live-sant-productions","status":"publish","type":"post","link":"https:\/\/www.wacoca.com\/videos\/1928082\/celebrity\/","title":{"rendered":"Los \u00daLTIMOS de TOKIO | Flamenco LIVE | Sant Productions"},"content":{"rendered":"<p><iframe loading=\"lazy\"  width=\"580\" height=\"385\" src=\"https:\/\/www.youtube.com\/embed\/ZJyaffxiMX0?modestbranding=1\" frameborder=\"0\" allowfullscreen><\/iframe><br \/>\n<br \/>\nNuestro Cortometraje ganador del Premio Megarama &#8220;TICKET&#8221;:<br \/>\n\ud83c\udfac\u00a1Aqu\u00ed presentamos la actuaci\u00f3n flamenca de &#8220;LOS \u00daLTIMOS DE TOKIO&#8221;!\ud83c\udfac<\/p>\n<p>Actuaci\u00f3n flamenca privada en el Restaurante espa\u00f1ol La Dehesa, en Tokio, Jap\u00f3n. Sevillanas, tanguillos y buler\u00edas.<br \/>\nGuitarra: Pepe Maya<br \/>\nGuitarra y Cante: Chema C.<br \/>\nCaj\u00f3n: Mario Marotillo<br \/>\nPalmas: Hiromi Oda y Sayuri <\/p>\n<p>S\u00edguenos en Facebook:<br \/>\nS\u00edguenos en Instagram:<br \/>\nS\u00edguenos en nuestra p\u00e1gina web: <\/p>\n","protected":false},"excerpt":{"rendered":"<p>Nuestro Cortometraje ganador del Premio Megarama &#8220;TICKET&#8221;: \ud83c\udfac\u00a1Aqu\u00ed presentamos la actuaci\u00f3n flamenc<\/p>\n","protected":false},"author":3,"featured_media":1928083,"comment_status":"","ping_status":"","sticky":false,"template":"","format":"standard","meta":{"footnotes":"","_share_on_mastodon":"0"},"categories":[21045],"tags":[7464,327020,4102,13858,21047,21046,528830,8274,197260,14400,559740,17107,711248,3426,56155,456562,693469,73866,86256,188997,1259776,1248600,31396,231226,6341,203932,22485,21657,1259777,22],"class_list":{"0":"post-1928082","1":"post","2":"type-post","3":"status-publish","4":"format-standard","5":"has-post-thumbnail","7":"category-celebrity","8":"tag-art","9":"tag-behindthescene","10":"tag-bts","11":"tag-camera","12":"tag-celebrities","13":"tag-celebrity","14":"tag-cine","15":"tag-comedy","16":"tag-direction","17":"tag-drama","18":"tag-experimental","19":"tag-film","20":"tag-flamenco","21":"tag-live","22":"tag-los","23":"tag-makingof","24":"tag-misterio","25":"tag-photography","26":"tag-production","27":"tag-productions","28":"tag-proyect","29":"tag-sant","30":"tag-short","31":"tag-shortfilm","32":"tag-sound","33":"tag-terror","34":"tag-thriller","35":"tag-tokio","36":"tag-ultimos","37":"tag-vlog"},"share_on_mastodon":{"url":"https:\/\/wakoka.com\/@videos\/111326410044586102","error":""},"_links":{"self":[{"href":"https:\/\/www.wacoca.com\/videos\/wp-json\/wp\/v2\/posts\/1928082","targetHints":{"allow":["GET"]}}],"collection":[{"href":"https:\/\/www.wacoca.com\/videos\/wp-json\/wp\/v2\/posts"}],"about":[{"href":"https:\/\/www.wacoca.com\/videos\/wp-json\/wp\/v2\/types\/post"}],"author":[{"embeddable":true,"href":"https:\/\/www.wacoca.com\/videos\/wp-json\/wp\/v2\/users\/3"}],"replies":[{"embeddable":true,"href":"https:\/\/www.wacoca.com\/videos\/wp-json\/wp\/v2\/comments?post=1928082"}],"version-history":[{"count":0,"href":"https:\/\/www.wacoca.com\/videos\/wp-json\/wp\/v2\/posts\/1928082\/revisions"}],"wp:featuredmedia":[{"embeddable":true,"href":"https:\/\/www.wacoca.com\/videos\/wp-json\/wp\/v2\/media\/1928083"}],"wp:attachment":[{"href":"https:\/\/www.wacoca.com\/videos\/wp-json\/wp\/v2\/media?parent=1928082"}],"wp:term":[{"taxonomy":"category","embeddable":true,"href":"https:\/\/www.wacoca.com\/videos\/wp-json\/wp\/v2\/categories?post=1928082"},{"taxonomy":"post_tag","embeddable":true,"href":"https:\/\/www.wacoca.com\/videos\/wp-json\/wp\/v2\/tags?post=1928082"}],"curies":[{"name":"wp","href":"https:\/\/api.w.org\/{rel}","templated":true}]}}