{"id":1791933,"date":"2019-04-18T14:00:02","date_gmt":"2019-04-18T14:00:02","guid":{"rendered":"https:\/\/www.wacoca.com\/videos\/1791933\/model\/"},"modified":"2019-04-18T14:00:02","modified_gmt":"2019-04-18T14:00:02","slug":"malia-faz-uma-loucura-por-mim-ao-vivo-no-rio-de-janeiro-2018","status":"publish","type":"post","link":"https:\/\/www.wacoca.com\/videos\/1791933\/model\/","title":{"rendered":"Mal\u00eda &#8211; Faz Uma Loucura Por Mim (Ao Vivo No Rio De Janeiro \/ 2018)"},"content":{"rendered":"<p><iframe loading=\"lazy\"  width=\"580\" height=\"385\" src=\"https:\/\/www.youtube.com\/embed\/Ix5cgPDeN2w?modestbranding=1\" frameborder=\"0\" allowfullscreen><\/iframe><br \/>\n<br \/>\nClique e ou\u00e7a o \u00e1lbum: https:\/\/umusicbrazil.lnk.to\/EscutaYD  <\/p>\n<p>SIGA MAL\u00cdA:<br \/>\nhttps:\/\/m.facebook.com\/oficialmalia\/<br \/>\nhttps:\/\/www.instagram.com\/malia\/<br \/>\n<a class=\"twitter-timeline\" data-width=\"770\" data-height=\"1000\" data-dnt=\"true\" href=\"https:\/\/twitter.com\/oficialmalia?ref_src=twsrc%5Etfw\" rel=\"nofollow noopener\" target=\"_blank\">Tweets by oficialmalia<\/a><script async src=\"https:\/\/platform.twitter.com\/widgets.js\" charset=\"utf-8\"><\/script><\/p>\n<p>Faz Uma Loucura Por Mim<br \/>\n(Chico Roque\/ Sergio Caetano)<\/p>\n<p>Faz uma loucura por mim<br \/>\nSai gritando por ai bebendo e chora<br \/>\nToma um porre picha um muro que me adora<br \/>\nFaz uma loucura por mim<br \/>\nFica ate de madrugada perde a hora<br \/>\nSai comigo pra gandaia noite afora<br \/>\nS\u00f3 assim eu acredito nessa historia<br \/>\nQue voc\u00ea sentiu saudades de me ter<br \/>\nPoe na pratica besteiras da mem\u00f3ria<br \/>\nPensa menos, faz de tudo, manda ver<br \/>\nVem pra dentro tenta ser da mesma escoria<br \/>\nComo j\u00e1 fiz mil loucuras por voc\u00ea<br \/>\nNos dois se e pra recome\u00e7ar que seja at\u00e9 o fim<br \/>\nNos dois se n\u00e3o e pra ficar n\u00e3o gaste o teu latim<br \/>\nNos dois s\u00f3 posso te aceitar ao ver que voc\u00ea faz<br \/>\nUma loucura por mim<br \/>\nDepois que voc\u00ea me provar que vai fazer assim<br \/>\nDepois voc\u00ea pode provar o que quiser de mim<br \/>\nDepois j\u00e1 posso acreditar que voc\u00ea foi capaz<br \/>\nDe uma loucura por mim<br \/>\nFaz uma loucura por mim<br \/>\nSe tem outra em tua vida manda embora.<\/p>\n<p>Dire\u00e7\u00e3o A&#038;R: Miguel Cariello<br \/>\nGerente A&#038;R: Miguel Afonso<br \/>\nCoordena\u00e7\u00e3o A&#038;R: Igor Alarcon, Fernanda Mesa, Patricia Aidas, Alice Baldan e Camilla Lins<br \/>\nLabel Manager: Leonardo Nunes<br \/>\nProduzido por:  Maur\u00edcio Pacheco<br \/>\nProdutor de V\u00eddeo: Eduardo Levy, Marcelo Paiva<br \/>\nDiretor de V\u00eddeo: Eduardo Levy, Marcelo Paiva<\/p>\n<p>Dire\u00e7\u00e3o art\u00edstica<br \/>\nGuto Dufrayer<br \/>\nMiguel Afonso<br \/>\nRodrigo Kuster<\/p>\n<p>#Mal\u00eda #FazUmaLoucuraPorMim<\/p>\n<p>Music video by Mal\u00eda performing Faz Uma Loucura Por Mim (Ao Vivo No Rio De Janeiro \/ 2018). \u00a9 2019 Universal Music International<\/p>\n<p>http:\/\/vevo.ly\/RTgS2V<\/p>\n","protected":false},"excerpt":{"rendered":"<p>Clique e ou\u00e7a o \u00e1lbum: https:\/\/umusicbrazil.lnk.to\/EscutaYD SIGA MAL\u00cdA: https:\/\/m.facebook.com\/oficialmalia\/ h<\/p>\n","protected":false},"author":3,"featured_media":1791934,"comment_status":"","ping_status":"","sticky":false,"template":"","format":"standard","meta":{"footnotes":"","_share_on_mastodon":"0"},"categories":[627838],"tags":[4776,481386,1184871,1184869,1184867,1184862,1184868,1184877,1184875,33781,1184865,1184872,1184863,1184866,306519,50894,1184873,1184864,1184880,373,1184878,20606,82218,28791,7383,1184876,1184879,1184870,109754,24078,393916,1184874],"class_list":{"0":"post-1791933","1":"post","2":"type-post","3":"status-publish","4":"format-standard","5":"has-post-thumbnail","7":"category-model","8":"tag-4776","9":"tag-ao","10":"tag-auto-retrato","11":"tag-dilema","12":"tag-escuta","13":"tag-faz","14":"tag-faz-uma-loucura-por-mim","15":"tag-igual-a-voce","16":"tag-imaturo","17":"tag-international","18":"tag-janeiro","19":"tag-jao","20":"tag-loucura","21":"tag-ltda","22":"tag-malia","23":"tag-maria","24":"tag-me-beija-com-raiva","25":"tag-mim","26":"tag-mpb","27":"tag-music","28":"tag-palavras-de-amigo","29":"tag-pop","30":"tag-por","31":"tag-rb","32":"tag-rio","33":"tag-rodriguinho","34":"tag-sonhos-e-planos","35":"tag-toca","36":"tag-uma","37":"tag-universal","38":"tag-vivo","39":"tag-vou-morrer-sozinho"},"share_on_mastodon":{"url":"https:\/\/mastodon.cloud\/@wacoca\/110634192490335798","error":""},"_links":{"self":[{"href":"https:\/\/www.wacoca.com\/videos\/wp-json\/wp\/v2\/posts\/1791933","targetHints":{"allow":["GET"]}}],"collection":[{"href":"https:\/\/www.wacoca.com\/videos\/wp-json\/wp\/v2\/posts"}],"about":[{"href":"https:\/\/www.wacoca.com\/videos\/wp-json\/wp\/v2\/types\/post"}],"author":[{"embeddable":true,"href":"https:\/\/www.wacoca.com\/videos\/wp-json\/wp\/v2\/users\/3"}],"replies":[{"embeddable":true,"href":"https:\/\/www.wacoca.com\/videos\/wp-json\/wp\/v2\/comments?post=1791933"}],"version-history":[{"count":0,"href":"https:\/\/www.wacoca.com\/videos\/wp-json\/wp\/v2\/posts\/1791933\/revisions"}],"wp:featuredmedia":[{"embeddable":true,"href":"https:\/\/www.wacoca.com\/videos\/wp-json\/wp\/v2\/media\/1791934"}],"wp:attachment":[{"href":"https:\/\/www.wacoca.com\/videos\/wp-json\/wp\/v2\/media?parent=1791933"}],"wp:term":[{"taxonomy":"category","embeddable":true,"href":"https:\/\/www.wacoca.com\/videos\/wp-json\/wp\/v2\/categories?post=1791933"},{"taxonomy":"post_tag","embeddable":true,"href":"https:\/\/www.wacoca.com\/videos\/wp-json\/wp\/v2\/tags?post=1791933"}],"curies":[{"name":"wp","href":"https:\/\/api.w.org\/{rel}","templated":true}]}}