{"id":1753421,"date":"2023-05-25T12:00:58","date_gmt":"2023-05-25T12:00:58","guid":{"rendered":"https:\/\/www.wacoca.com\/videos\/1753421\/global-beauties\/"},"modified":"2023-05-25T12:00:58","modified_gmt":"2023-05-25T12:00:58","slug":"asi-fue-la-declaracion-de-amor-de-javier-bardem-a-penelope-cruz","status":"publish","type":"post","link":"https:\/\/www.wacoca.com\/videos\/1753421\/global-beauties\/","title":{"rendered":"As\u00ed fue la declaraci\u00f3n de amor de Javier Bardem a Pen\u00e9lope Cruz"},"content":{"rendered":"<p><iframe loading=\"lazy\"  width=\"580\" height=\"385\" src=\"https:\/\/www.youtube.com\/embed\/Eu6GLtwkkms?modestbranding=1\" frameborder=\"0\" allowfullscreen><\/iframe><br \/>\n<br \/>\nMuchos a\u00f1os despu\u00e9s del rodaje de &#8216;Jam\u00f3n, jam\u00f3n&#8217;, el director Woody Allen les volvi\u00f3 a reunir en &#8216;Vicky, Cristina, Barcelona&#8217; y Javier Bardem fue enamor\u00e1ndose seg\u00fan pasaban los d\u00edas, pero no se atrev\u00eda a dar el paso.<\/p>\n<p>Suscr\u00edbete a nuestro canal de Youtube y dale a la campanita \u2192 https:\/\/www.youtube.com\/user\/cadenaser?sub_confirmation=1<\/p>\n<p>S\u00edguenos en nuestras redes sociales:<br \/>\nFacebook: https:\/\/www.facebook.com\/cadenaser<br \/>\nTwitter: https:\/\/www.twitter.com\/La_SER<br \/>\nInstagram: https:\/\/www.instagram.com\/La_SER<\/p>\n<p>Descarga nuestra app para m\u00f3viles y tablets<br \/>\nApple Store (iOS): https:\/\/apps.apple.com\/es\/app\/cadena-ser-radio\/id401987596<br \/>\nPlay Store (Android): https:\/\/play.google.com\/store\/apps\/details?id=com.prisaradio.replicapp.cadenaser<\/p>\n<p>Puedes ver estos y otros m\u00e1s v\u00eddeos en: http:\/\/cadenaser.com\/tag\/videos\/a\/<\/p>\n","protected":false},"excerpt":{"rendered":"<p>Muchos a\u00f1os despu\u00e9s del rodaje de &#8216;Jam\u00f3n, jam\u00f3n&#8217;, el director Woody Allen les volvi\u00f3 a reunir en &#038;<\/p>\n","protected":false},"author":3,"featured_media":1753422,"comment_status":"","ping_status":"","sticky":false,"template":"","format":"standard","meta":{"footnotes":"","_share_on_mastodon":"0"},"categories":[688712],"tags":[57266,1162866,528830,1162868,1162867,799081,952480,740633,14197,1162870,1162869,269504,682325],"class_list":{"0":"post-1753421","1":"post","2":"type-post","3":"status-publish","4":"format-standard","5":"has-post-thumbnail","7":"category-global-beauties","8":"tag-amor","9":"tag-cadena-ser","10":"tag-cine","11":"tag-declaracion","12":"tag-hoy-por-hoy","13":"tag-javier-bardem","14":"tag-pelicula","15":"tag-penelope-cruz","16":"tag-radio","17":"tag-rodaje","18":"tag-vicky-cristina-barcelona","19":"tag-woody-allen","20":"tag-682325"},"share_on_mastodon":{"url":"https:\/\/mastodon.cloud\/@wacoca\/110452204231308388","error":""},"_links":{"self":[{"href":"https:\/\/www.wacoca.com\/videos\/wp-json\/wp\/v2\/posts\/1753421","targetHints":{"allow":["GET"]}}],"collection":[{"href":"https:\/\/www.wacoca.com\/videos\/wp-json\/wp\/v2\/posts"}],"about":[{"href":"https:\/\/www.wacoca.com\/videos\/wp-json\/wp\/v2\/types\/post"}],"author":[{"embeddable":true,"href":"https:\/\/www.wacoca.com\/videos\/wp-json\/wp\/v2\/users\/3"}],"replies":[{"embeddable":true,"href":"https:\/\/www.wacoca.com\/videos\/wp-json\/wp\/v2\/comments?post=1753421"}],"version-history":[{"count":0,"href":"https:\/\/www.wacoca.com\/videos\/wp-json\/wp\/v2\/posts\/1753421\/revisions"}],"wp:featuredmedia":[{"embeddable":true,"href":"https:\/\/www.wacoca.com\/videos\/wp-json\/wp\/v2\/media\/1753422"}],"wp:attachment":[{"href":"https:\/\/www.wacoca.com\/videos\/wp-json\/wp\/v2\/media?parent=1753421"}],"wp:term":[{"taxonomy":"category","embeddable":true,"href":"https:\/\/www.wacoca.com\/videos\/wp-json\/wp\/v2\/categories?post=1753421"},{"taxonomy":"post_tag","embeddable":true,"href":"https:\/\/www.wacoca.com\/videos\/wp-json\/wp\/v2\/tags?post=1753421"}],"curies":[{"name":"wp","href":"https:\/\/api.w.org\/{rel}","templated":true}]}}