{"id":1555394,"date":"2019-02-27T08:00:02","date_gmt":"2019-02-27T08:00:02","guid":{"rendered":"https:\/\/www.wacoca.com\/videos\/1555394\/model\/"},"modified":"2019-02-27T08:00:02","modified_gmt":"2019-02-27T08:00:02","slug":"vanessa-paradis-kiev","status":"publish","type":"post","link":"https:\/\/www.wacoca.com\/videos\/1555394\/model\/","title":{"rendered":"Vanessa Paradis &#8211; Kiev"},"content":{"rendered":"<p><iframe loading=\"lazy\"  width=\"580\" height=\"385\" src=\"https:\/\/www.youtube.com\/embed\/ZAg8LzrggP4?modestbranding=1\" frameborder=\"0\" allowfullscreen><\/iframe><br \/>\n<br \/>\nSecond single du nouvel album &#8220;&#8221;Les sources&#8221;&#8221; de Vanessa Paradis : https:\/\/VanessaParadis.lnk.to\/LesSources <\/p>\n<p>R\u00e9alisateur : David Aster<br \/>\nAssistant r\u00e9alisateur : Michel Acerbo<br \/>\nChef op\u00e9rateur : Guillaume Desfontaines<br \/>\n1ere assistante op\u00e9rateur : Anna-Katia Vincent<br \/>\n2\u00e8 assistant op\u00e9rateur : Thomas Collet<br \/>\nChef \u00e9lectricien : Eric Gi\u00e8s<br \/>\nElectricien : Brice Roustang<br \/>\nChef machiniste : Laurent Passera<br \/>\nChef d\u00e9corateur : Ga\u00ebl Leroux<br \/>\nSFX : Armel Cessa<br \/>\nD\u00e9corateur : Sandra Lefort<br \/>\nD\u00e9corateur : Fabriano Frantzy<br \/>\nMaquilleur et Coiffeur : Christophe Danchaud<br \/>\nStyliste : Charlotte B\u00e9taillole assist\u00e9e de Charlie Remigereau<br \/>\nR\u00e9gisseur : Malek Haddadi<br \/>\nDirecteur de la post production : J\u00e9r\u00e9mie Leroux<br \/>\nMonteur : Thomas Courcelle<br \/>\nEtalonneur : Richard Deusy<br \/>\nEffets sp\u00e9ciaux : Alain Carsoux, Sylvie Carsoux, Cendrine Gady, Ga\u00ebtan Declerck, S\u00e9verine de Wever<br \/>\nLaboratoire : Isabelle Mainge<br \/>\nMoyens techniques : RVZ et FLAM &#038; CO<br \/>\nEffets sp\u00e9ciaux : Compagnie G\u00e9n\u00e9rale des Effets Visuels<br \/>\nLaboratoire : Le Labo de Paris<br \/>\nProduction : Les Films de Morphee<br \/>\nProducteur : Barclay<br \/>\nDirectrice de production : Alice Caron<\/p>\n<p>Merci \u00e0 Alain Carsoux, Corinne Paradis, Louis Sanguinetti, Lou Briffaut<\/p>\n<p>Retrouvez Vanessa Paradis sur :<br \/>\nFacebook : https:\/\/www.facebook.com\/vanessaparad&#8230;<br \/>\nInstagram : https:\/\/www.instagram.com\/vanessaparadis_musique\/<br \/>\nSite officiel : http:\/\/vanessaparadis.fr<\/p>\n<p>Avec le soutien du CNC.<\/p>\n<p>\u00a92019 Barclay, un label Universal Music France<\/p>\n","protected":false},"excerpt":{"rendered":"<p>Second single du nouvel album &#8220;&#8221;Les sources&#8221;&#8221; de Vanessa Paradis : https:\/\/VanessaPara<\/p>\n","protected":false},"author":3,"featured_media":1555395,"comment_status":"","ping_status":"","sticky":false,"template":"","format":"standard","meta":{"footnotes":"","_share_on_mastodon":"0"},"categories":[627838],"tags":[1061283,1061281,1061278,352244,1061280,1061285,991061,841550,716293,1061282,1061277,1061284,1061279,627860,637635,637405],"class_list":{"0":"post-1555394","1":"post","2":"type-post","3":"status-publish","4":"format-standard","5":"has-post-thumbnail","7":"category-model","8":"tag-benjamin-biolay","9":"tag-cest-dire","10":"tag-ces-mots-simples","11":"tag-cheri","12":"tag-dans-notre-monde","13":"tag-etienne-daho","14":"tag-il","15":"tag-joe-le-taxi","16":"tag-kiev","17":"tag-la-plage","18":"tag-les-sources","19":"tag-marc-lavoine","20":"tag-samuel-benchetrit","21":"tag-supermodel","22":"tag-vanessa-paradis","23":"tag-637405"},"share_on_mastodon":{"url":"","error":""},"_links":{"self":[{"href":"https:\/\/www.wacoca.com\/videos\/wp-json\/wp\/v2\/posts\/1555394","targetHints":{"allow":["GET"]}}],"collection":[{"href":"https:\/\/www.wacoca.com\/videos\/wp-json\/wp\/v2\/posts"}],"about":[{"href":"https:\/\/www.wacoca.com\/videos\/wp-json\/wp\/v2\/types\/post"}],"author":[{"embeddable":true,"href":"https:\/\/www.wacoca.com\/videos\/wp-json\/wp\/v2\/users\/3"}],"replies":[{"embeddable":true,"href":"https:\/\/www.wacoca.com\/videos\/wp-json\/wp\/v2\/comments?post=1555394"}],"version-history":[{"count":0,"href":"https:\/\/www.wacoca.com\/videos\/wp-json\/wp\/v2\/posts\/1555394\/revisions"}],"wp:featuredmedia":[{"embeddable":true,"href":"https:\/\/www.wacoca.com\/videos\/wp-json\/wp\/v2\/media\/1555395"}],"wp:attachment":[{"href":"https:\/\/www.wacoca.com\/videos\/wp-json\/wp\/v2\/media?parent=1555394"}],"wp:term":[{"taxonomy":"category","embeddable":true,"href":"https:\/\/www.wacoca.com\/videos\/wp-json\/wp\/v2\/categories?post=1555394"},{"taxonomy":"post_tag","embeddable":true,"href":"https:\/\/www.wacoca.com\/videos\/wp-json\/wp\/v2\/tags?post=1555394"}],"curies":[{"name":"wp","href":"https:\/\/api.w.org\/{rel}","templated":true}]}}