{"id":1304079,"date":"2022-08-25T00:00:01","date_gmt":"2022-08-25T00:00:01","guid":{"rendered":"https:\/\/www.wacoca.com\/videos\/1304079\/celebrity\/"},"modified":"2022-08-25T00:00:01","modified_gmt":"2022-08-25T00:00:01","slug":"brad-pitt-se-refugia-en-el-budismo-durante-una-visita-a-tokio-y-dice-sentirse-conmovido-hola-tv","status":"publish","type":"post","link":"https:\/\/www.wacoca.com\/videos\/1304079\/celebrity\/","title":{"rendered":"Brad Pitt se refugia en el budismo durante una visita a Tokio y dice sentirse conmovido | \u00a1HOLA! TV"},"content":{"rendered":"<p><iframe loading=\"lazy\"  width=\"580\" height=\"385\" src=\"https:\/\/www.youtube.com\/embed\/9KkTQ_HuupU?modestbranding=1\" frameborder=\"0\" allowfullscreen><\/iframe><br \/>\n<br \/>\nLuego de darse a conocer la denuncia al FBI por Angelina Jolie hacia el actor, Brad Pitt viaj\u00f3 a Jap\u00f3n para realizar una gira de promoci\u00f3n de su pel\u00edcula \u2018Bullet Train\u2019, un viaje que aprovech\u00f3 para dedicarle un tiempo a la meditaci\u00f3n a trav\u00e9s del budismo y participando en un ritual para espantar la mala suerte. En un templo de monjes y vestido con t\u00fanica, se le vio muy concentrado en las pr\u00e1cticas y actividades y dijo sentirse conmovido y emocionado con su experiencia budista. <\/p>\n<p>Vis\u00edtanos en:<br \/>\nP\u00e1gina Oficial:<br \/>\nFB:<br \/>\nTwitter:<br \/>\nInstagram: <\/p>\n","protected":false},"excerpt":{"rendered":"<p>Luego de darse a conocer la denuncia al FBI por Angelina Jolie hacia el actor, Brad Pitt viaj\u00f3 a Jap\u00f3n para re<\/p>\n","protected":false},"author":3,"featured_media":1304080,"comment_status":"","ping_status":"","sticky":false,"template":"","format":"standard","meta":{"footnotes":"","_share_on_mastodon":"0"},"categories":[21045],"tags":[811835,930394,930396,930398,930395,930401,930397,21047,21046,930404,5043,375327,380179,930391,930392,930393,930399,930400,930403,21657,259508,930402,22],"class_list":{"0":"post-1304079","1":"post","2":"type-post","3":"status-publish","4":"format-standard","5":"has-post-thumbnail","7":"category-celebrity","8":"tag-brad","9":"tag-brad-pitt-budismo","10":"tag-brad-pitt-budismo-tokio","11":"tag-brad-pitt-bullet-train","12":"tag-brad-pitt-tokio","13":"tag-budismo","14":"tag-budismo-brad-pitt-japon","15":"tag-celebrities","16":"tag-celebrity","17":"tag-conmovido","18":"tag-dice","19":"tag-durante","20":"tag-hola","21":"tag-hola-tv","22":"tag-holatv","23":"tag-la-hora-hola","24":"tag-pitt","25":"tag-refugia","26":"tag-sentirse","27":"tag-tokio","28":"tag-una","29":"tag-visita","30":"tag-vlog"},"share_on_mastodon":{"url":"","error":""},"_links":{"self":[{"href":"https:\/\/www.wacoca.com\/videos\/wp-json\/wp\/v2\/posts\/1304079","targetHints":{"allow":["GET"]}}],"collection":[{"href":"https:\/\/www.wacoca.com\/videos\/wp-json\/wp\/v2\/posts"}],"about":[{"href":"https:\/\/www.wacoca.com\/videos\/wp-json\/wp\/v2\/types\/post"}],"author":[{"embeddable":true,"href":"https:\/\/www.wacoca.com\/videos\/wp-json\/wp\/v2\/users\/3"}],"replies":[{"embeddable":true,"href":"https:\/\/www.wacoca.com\/videos\/wp-json\/wp\/v2\/comments?post=1304079"}],"version-history":[{"count":0,"href":"https:\/\/www.wacoca.com\/videos\/wp-json\/wp\/v2\/posts\/1304079\/revisions"}],"wp:featuredmedia":[{"embeddable":true,"href":"https:\/\/www.wacoca.com\/videos\/wp-json\/wp\/v2\/media\/1304080"}],"wp:attachment":[{"href":"https:\/\/www.wacoca.com\/videos\/wp-json\/wp\/v2\/media?parent=1304079"}],"wp:term":[{"taxonomy":"category","embeddable":true,"href":"https:\/\/www.wacoca.com\/videos\/wp-json\/wp\/v2\/categories?post=1304079"},{"taxonomy":"post_tag","embeddable":true,"href":"https:\/\/www.wacoca.com\/videos\/wp-json\/wp\/v2\/tags?post=1304079"}],"curies":[{"name":"wp","href":"https:\/\/api.w.org\/{rel}","templated":true}]}}