{"id":1151285,"date":"2022-05-25T21:28:49","date_gmt":"2022-05-25T21:28:49","guid":{"rendered":"https:\/\/www.wacoca.com\/videos\/1151285\/model\/"},"modified":"2022-05-25T21:28:49","modified_gmt":"2022-05-25T21:28:49","slug":"la-reaction-de-johnny-depp-au-temoignage-de-kate-moss-inestimable","status":"publish","type":"post","link":"https:\/\/www.wacoca.com\/videos\/1151285\/model\/","title":{"rendered":"La r\u00e9action de Johnny Depp au t\u00e9moignage de Kate Moss. Inestimable"},"content":{"rendered":"<p><iframe loading=\"lazy\"  width=\"580\" height=\"385\" src=\"https:\/\/www.youtube.com\/embed\/9zhkpFnCASo?modestbranding=1\" frameborder=\"0\" allowfullscreen><\/iframe><br \/>\n<br \/>\n\ud83d\udd34Les sous-titres sont disponibles dans toutes les langues. \ud83d\udca1 Vous pouvez activer les sous-titres en cliquant sur le texte [cc] en haut \u00e0 droite (coin gauche sur pc). Dans les param\u00e8tres, vous pouvez choisir la langue souhait\u00e9e.<\/p>\n<p> ABONNE TOI LIKE PARTAGE pour plus<\/p>\n<p>\u30b8\u30e7\u30cb\u30fc\u30c7\u30c3\u30d7<br \/>\n\u062c\u0648\u0646\u064a \u062f\u064a\u0628<br \/>\n\u0643\u064a\u062a \u0645\u0648\u0633<\/p>\n","protected":false},"excerpt":{"rendered":"<p>\ud83d\udd34Les sous-titres sont disponibles dans toutes les langues. \ud83d\udca1 Vous pouvez activer les sous-titres en cliquant s<\/p>\n","protected":false},"author":3,"featured_media":1151286,"comment_status":"","ping_status":"","sticky":false,"template":"","format":"standard","meta":{"footnotes":"","_share_on_mastodon":"0"},"categories":[627838],"tags":[846835,846836,846832,846834,846837,846838,846839,846833,846822,846827,741199,846829,835727,846830,846824,846831,846825,846828,846826,846821,846823,741197,627860,382341],"class_list":{"0":"post-1151285","1":"post","2":"type-post","3":"status-publish","4":"format-standard","5":"has-post-thumbnail","7":"category-model","8":"tag-johnny-depp-court","9":"tag-johnny-depp-elon-musk","10":"tag-johnny-depp-interview","11":"tag-johnny-depp-live","12":"tag-johnny-depp-speaking-french","13":"tag-johnny-depp-trial","14":"tag-johnny-depp-trial-2022","15":"tag-johnny-depp-trial-28th","16":"tag-kate-moss-amber-heard","17":"tag-kate-moss-bombshell","18":"tag-kate-moss-interview","19":"tag-kate-moss-interview-90s","20":"tag-kate-moss-johnny-depp","21":"tag-kate-moss-reaction","22":"tag-kate-moss-stairs","23":"tag-kate-moss-style","24":"tag-kate-moss-testify","25":"tag-kate-moss-testify-johnny-depp","26":"tag-kate-moss-testifying","27":"tag-kate-moss-testimony","28":"tag-kate-moss-trial","29":"tag-kate-moss-vogue","30":"tag-supermodel","31":"tag-382341"},"share_on_mastodon":{"url":"","error":""},"_links":{"self":[{"href":"https:\/\/www.wacoca.com\/videos\/wp-json\/wp\/v2\/posts\/1151285","targetHints":{"allow":["GET"]}}],"collection":[{"href":"https:\/\/www.wacoca.com\/videos\/wp-json\/wp\/v2\/posts"}],"about":[{"href":"https:\/\/www.wacoca.com\/videos\/wp-json\/wp\/v2\/types\/post"}],"author":[{"embeddable":true,"href":"https:\/\/www.wacoca.com\/videos\/wp-json\/wp\/v2\/users\/3"}],"replies":[{"embeddable":true,"href":"https:\/\/www.wacoca.com\/videos\/wp-json\/wp\/v2\/comments?post=1151285"}],"version-history":[{"count":0,"href":"https:\/\/www.wacoca.com\/videos\/wp-json\/wp\/v2\/posts\/1151285\/revisions"}],"wp:featuredmedia":[{"embeddable":true,"href":"https:\/\/www.wacoca.com\/videos\/wp-json\/wp\/v2\/media\/1151286"}],"wp:attachment":[{"href":"https:\/\/www.wacoca.com\/videos\/wp-json\/wp\/v2\/media?parent=1151285"}],"wp:term":[{"taxonomy":"category","embeddable":true,"href":"https:\/\/www.wacoca.com\/videos\/wp-json\/wp\/v2\/categories?post=1151285"},{"taxonomy":"post_tag","embeddable":true,"href":"https:\/\/www.wacoca.com\/videos\/wp-json\/wp\/v2\/tags?post=1151285"}],"curies":[{"name":"wp","href":"https:\/\/api.w.org\/{rel}","templated":true}]}}