{"id":1069263,"date":"2021-08-01T03:23:21","date_gmt":"2021-08-01T03:23:21","guid":{"rendered":"https:\/\/www.wacoca.com\/videos\/1069263\/announcer\/"},"modified":"2021-08-01T03:23:21","modified_gmt":"2021-08-01T03:23:21","slug":"yuka-imaeda-recital-vol-6-yoake-no-kodo-for-j-lodlive","status":"publish","type":"post","link":"https:\/\/www.wacoca.com\/videos\/1069263\/announcer\/","title":{"rendered":"Yuka Imaeda Recital vol.6 \u201cYoake no kodo\u201d  for J-LODlive"},"content":{"rendered":"<p><iframe loading=\"lazy\"  width=\"580\" height=\"385\" src=\"https:\/\/www.youtube.com\/embed\/G-zhyHXCpVc?modestbranding=1\" frameborder=\"0\" allowfullscreen><\/iframe><br \/>\n<br \/>\n\u4eca\u679d\u53cb\u52a0\u30ea\u30b5\u30a4\u30bf\u30ebvol.6\u300c\u591c\u660e\u3051\u306e\u9f13\u52d5\u300d<br \/>\n\uff12\uff10\uff12\uff11\uff0e\uff15\uff0e\uff11\uff15<br \/>\n\uff20\u6e0b\u8c37\u300c\u3055\u304f\u3089\u30db\u30fc\u30eb\u300d<\/p>\n<p>\u65e5\u672c\u3092\u4ee3\u8868\u3059\u308b\u30d5\u30e9\u30e1\u30f3\u30b3\u30a2\u30fc\u30c6\u30a3\u30b9\u30c8\u201c\u4eca\u679d\u53cb\u52a0\u201d\u3092\u4e2d\u5fc3\u306b\u3001\u65e5\u672c\u30c8\u30c3\u30d7\u30af\u30e9\u30b9\u306e\u30a2\u30fc\u30c6\u30a3\u30b9\u30c8\u7dcf\u52e214\u540d\u306b\u3088\u308b\u30d5\u30e9\u30e1\u30f3\u30b3\u516c\u6f14\u3002\u300c\u591c\u660e\u3051\u306e\u9f13\u52d5\u300d\u3068\u984c\u3057\u3001\u30b3\u30ed\u30ca\u798d\u306b\u304a\u3044\u3066\u3082\u6587\u5316\u82b8\u8853\u306e\u91cd\u8981\u6027\u3092\u8a34\u3048\u3001\u898b\u308b\u4eba\u306b\u52c7\u6c17\u3092\u4e0e\u3048\u308b\u3002\u4eca\u679d\u53cb\u52a0\u306e\u30d0\u30a4\u30ec\u30bd\u30ed\uff08\u8e0a\u308a\uff09\u306b\u52a0\u3048\u3001\u5973\u6027\u821e\u8e0a\u624b\u9054\u306b\u3088\u308b\u83ef\u3084\u304b\u306a\u7fa4\u821e\u3042\u308a\u3001\u307e\u305f\u3001\u65e5\u672c\u306e\u5de8\u5320\u30ae\u30bf\u30ea\u30b9\u30c8\u201c\u30a8\u30f3\u30ea\u30b1\u5742\u4e95\u201d\u6c0f\u3092\u8fce\u3048\u3001\u30b9\u30da\u30a4\u30f3\u4eba\u3082\u8a8d\u3081\u305f\u4eca\u679d\u53cb\u52a0\u306e\u30ab\u30f3\u30c6\u30bd\u30ed(\u6b4c)\u3082\u3058\u3063\u304f\u308a\u8074\u304b\u305b\u308b\u516c\u6f14\u3068\u306a\u3063\u305f\u3002<\/p>\n<p>\u4eca\u679d\u53cb\u52a0\u30d7\u30ed\u30d5\u30a3\u30fc\u30eb<\/p>\n<p>\u591a\u6469\u7f8e\u8853\u5927\u5b66\u3067\u30d5\u30e9\u30e1\u30f3\u30b3\u306b\u51fa\u4f1a\u3044\u3001\u5927\u5b66\u6642\u4ee3\u306f\u30d0\u30a4\u30ec\u3092\u5c71\u5ba4\u5f18\u7f8e\u306b\u5e2b\u4e8b\u3001\u30ab\u30f3\u30c6\u306f\u30de\u30ce\u30ed\u30fb\u30ab\u30e9\u30b3\u30fc\u30eb\u3001\u30d5\u30a7\u30eb\u30ca\u30f3\u30c0\u30fb\u30c7\u30fb\u30a6\u30c8\u30ec\u30fc\u30e9\u3001\u305d\u3057\u3066\u30d8\u30ec\u30b9\u306e\u30a2\u30eb\u30c6\u30a3\u30b9\u30bf\u9054\u306e\u9332\u97f3\u3092\u4e2d\u5fc3\u306b\u72ec\u5b66\u3002\u6e21\u897f\u3092\u7e70\u308a\u8fd4\u3059\u3088\u3046\u306b\u306a\u3063\u3066\u304b\u3089\u306f\u3001\u591a\u304f\u306e\u30b9\u30da\u30a4\u30f3\u4eba\u30a2\u30eb\u30c6\u30a3\u30b9\u30bf\u306b\u3001\u30ab\u30f3\u30c6\u3001\u30d0\u30a4\u30ec\u3092\u5b66\u3076\u30022003\u5e74\u65e5\u672c\u30d5\u30e9\u30e1\u30f3\u30b3\u5354\u4f1a\u65b0\u4eba\u516c\u6f14\u300c\u30ab\u30f3\u30c6\u90e8\u9580\u300d\u3001\u7fcc\u5e74\u300c\u30d0\u30a4\u30ec\u30bd\u30ed\u90e8\u9580\u300d\u30672\u5e74\u9023\u7d9a\u5968\u52b1\u8cde\u53d7\u8cde\u30022012\u5e74\u30d5\u30e9\u30e1\u30f3\u30b3\u306e\u8056\u5730\u30d8\u30ec\u30b9\u3078\u79fb\u4f4f\u30022014\u5e74\u306b\u5e30\u56fd\u3057\u3001\u30bd\u30ed\u30a2\u30eb\u30d0\u30e0\u300cVamos\u300d\u3092\u767a\u58f2\u3001\u7fcc\u5e74CD\u767a\u58f2\u8a18\u5ff5\u516c\u6f14\u3092\u958b\u50ac\u30022018\u5e74\u306b\u306f\u7b2c125\u56de\u30d5\u30a7\u30b9\u30c6\u30a3\u30d0\u30eb\u30fb\u30c7\u30fb\u30d8\u30ec\u30b9\u516c\u5f0f\u30d7\u30ed\u30b0\u30e9\u30e0\u300cFLAMENCONAUTAS\u300d\u3001\u7b2c51\u56de\u30d5\u30a3\u30a8\u30b9\u30bf\u30fb\u30c7\u30fb\u30e9\u30fb\u30d6\u30ec\u30ea\u30a2\u300cJerez con Jap\u00f3n\u300d\u306b\u6b4c\u3044\u624b\u3068\u3057\u3066\u62db\u8058\u3055\u308c\u308b\u306a\u3069\u3001\u56fd\u5185\u5916\u306b\u6d3b\u52d5\u306e\u5e45\u3092\u5e83\u3052\u3066\u3044\u308b\u3002\u73fe\u5728\u6771\u4eac\u3001\u540d\u53e4\u5c4b\u3067\u30af\u30e9\u30b9\u3092\u958b\u50ac\u3057\u884c\u9032\u306e\u6307\u5c0e\u306e\u508d\u3089\u3001\u56fd\u5185\u5916\u5404\u5730\u306e\u30e9\u30a4\u30d6\u3001\u516c\u6f14\u306b\u3082\u591a\u6570\u51fa\u6f14\u3002<\/p>\n<p>\u66f2\u76ee\u7d39\u4ecb<\/p>\n<p>\uff5e\u591c\u660e\u3051\uff5e\u3000Alegr\u00edas<br \/>\n\u8e0a\u308a\uff1a\u4eca\u679d\u53cb\u52a0<br \/>\nMartinete<br \/>\n\u6b4c\uff1a\u5ddd\u5cf6\u6842\u5b50\u3001\u77f3\u585a\u9686\u5145<br \/>\nSiguiriyas y Serrana<br \/>\n\u8e0a\u308a\uff1a\u4eca\u679d\u53cb\u52a0<br \/>\nPercusi\u00f3n<br \/>\n\u30d1\u30fc\u30ab\u30c3\u30b7\u30e7\u30f3\uff1a\u6a4b\u672c\u5bb9\u660c<br \/>\nFandangos y Abandolaos<br \/>\n\u8e0a\u308a\uff1a\u4eca\u679d\u53cb\u52a0\u3001\u4e95\u4e0a\u6cc9\u3001\u592a\u7530\u30de\u30ad\u3001\u7be0\u7530\u4e09\u679d\u3001\u5cf6\u5d0e\u30ea\u30ce\u3001\u798f\u5c71\u5948\u7a42\u7f8e\u3001\u677e\u5cf6\u304b\u3059\u307f<br \/>\n Solo de cante<br \/>\n\u6b4c\uff1a\u4eca\u679d\u53cb\u52a0\u3000\u30ae\u30bf\u30fc\uff1a\u30a8\u30f3\u30ea\u30b1\u5742\u4e95<br \/>\n\u30fbMalague\u00f1a del Mellizo<br \/>\n\u30fbFandangos<br \/>\n\u30fbTientos y Tangos de La Ni\u00f1a de los Peines<br \/>\n\uff5e\u9f13\u52d5\uff5eSole\u00e1<br \/>\n\u8e0a\u308a\uff1a\u4eca\u679d\u53cb\u52a0<br \/>\nFin de fiesta<\/p>\n<p>\uff1c\u51fa\u6f14\uff1e<br \/>\n\u8e0a\u308a\/\u6b4c\uff1a\u4eca\u679d\u53cb\u52a0<br \/>\n\u30ae\u30bf\u30fc\uff1a\u30a8\u30f3\u30ea\u30b1\u5742\u4e95\u3001\u67f4\u7530\u4eae\u592a\u90ce\u3001\u9577\u8c37\u5ddd\u6696<br \/>\n\u6b4c\uff1a\u77f3\u585a\u9686\u5145\u3001\u5ddd\u5cf6\u6842\u5b50<br \/>\n\u30d1\u30eb\u30de(\u624b\u62cd\u5b50)\uff1a\u4e09\u679d\u96c4\u8f14\u3000\u3000<br \/>\n\u30d1\u30fc\u30ab\u30c3\u30b7\u30e7\u30f3\uff1a\u6a4b\u672c\u5bb9\u660c<br \/>\n\u8e0a\u308a\uff0f\u30d1\u30eb\u30de(\u624b\u62cd\u5b50)\uff1a\u4e95\u4e0a\u6cc9\u3001\u592a\u7530\u30de\u30ad\u3001\u7be0\u7530\u4e09\u679d\u3001\u5cf6\u5d0e\u30ea\u30ce\u3001\u798f\u5c71\u5948\u7a42\u7f8e\u3001\u677e\u5cf6\u304b\u3059\u307f<br \/>\n\u4f01\u753b\u69cb\u6210\u30fb\u6f14\u51fa\uff1a\u4eca\u679d\u53cb\u52a0<br \/>\n\u821e\u53f0\u76e3\u7763\uff1aMOMO\u30d7\u30e9\u30f3\u30cb\u30f3\u30b0 \u3084\u307e\u3060\u3066\u308b\u304a<br \/>\n\u7167\u660e\uff1a\u30aa\u30d5\u30a3\u30b9\u30b5\u30b5\u30ad \u4f50\u3005\u6728\u5b5d\u5c1a<br \/>\n\u97f3\u97ff\uff1a\u9060\u5165\u4f73\u5948<br \/>\n\u5199\u771f\uff1a\u5927\u68ee\u6709\u8d77<br \/>\n\u6620\u50cf\u30c7\u30a3\u30ec\u30af\u30bf\u30fc\uff1aMu-Project \u624b\u5cf6\u6b63\u88d5<br \/>\n\u6620\u50cf\u88dc\u52a9\uff1aKinta Suzuki<br \/>\n\u8863\u88c5\uff1a\u30bd\u30cb\u30a2\u30fb\u30b8\u30e7\u30fc\u30f3\u30ba\u3001\u4eac\u6975\u53cb\u91cd\u3001\u30de\u30f3\u30b5\u30cb\u30fc\u30b8\u30e3<br \/>\n\u30c7\u30b6\u30a4\u30f3\uff1a23&#8217;S FACTORY<br \/>\n\u30a4\u30e9\u30b9\u30c8\uff1a\u4eca\u679d\u53cb\u52a0<br \/>\n\u5236\u4f5c\uff1a\u5b89\u5ca1\u5e78\u6c5f<br \/>\n\u5236\u4f5c\u5354\u529b\uff1a\u6709\u9650\u4f1a\u793e\u30d2\u30c3\u30c8\u30af\u30ea\u30a8\u30a4\u30b7\u30e7\u30f3<br \/>\n\u904b\u55b6\uff1a\u6751\u677e\u591a\u52a0\u4ee3\u3001\u77f3\u57a3\u3072\u308d\u307f\u3001\u6e05\u6c34\u8cb4\u5b50\u3001\u5e73\u548c\u7f8e\u3001\u9c10\u90e8\u606d\u6c5f<br \/>\n\u30b9\u30da\u30b7\u30e3\u30eb\u30b5\u30f3\u30af\u30b9\uff1a\u5c0f\u5cf6\u7ae0\u53f8 \u4e95\u4e0a\u572d\u5b50\u3001\u571f\u4e95\u307e\u3055\u308a<br \/>\n\u5f8c\u63f4\uff1a\u30b9\u30da\u30a4\u30f3\u5927\u4f7f\u9928\u3001\u30b9\u30da\u30a4\u30f3\u632f\u8208 MARUWA \u8ca1\u56e3\u3001\u4e00\u822c\u793e\u56e3\u6cd5\u4eba\u65e5\u672c\u30d5\u30e9\u30e1\u30f3\u30b3\u5354\u4f1a<\/p>\n<p>Recital de Yuka Imaeda vol.6 \u201cYoake no kodo \u201d(Los latidos del amanecer)<\/p>\n<p>15 de mayo de 2021<br \/>\n@Shibuya \u201cSakura Hall\u201d<\/p>\n<p>Con Imaeda Yuka, una de las artistas del flamencos m\u00e1s reconocida que representa Jap\u00f3n, junto a ella, y con 13 artistas m\u00e1s se desata este gran espect\u00e1culo flamenco titulado como \u201cYoake no kodo \u201d. Este espect\u00e1culo  reivindica la importancia del arte y la cultura bajo las consecuencias de la pandemia del COVID-19 y  trasmite valor a los espectadores. A parte del solo de baile de Yuka Imaeda, hay un hermoso baile grupal de las bailaoras. Y con el acompa\u00f1amiento del gran maestro guitarrista japon\u00e9s \u201cEnrique Sakai\u201d, podemos disfrutar del cante solo de Yuka Imaeda que ha obtenido un gran reconocimiento por los espa\u00f1oles en los \u00faltimos a\u00f1os. <\/p>\n<p>Perfil de Yuka Imaeda<\/p>\n<p>Su encuentro con el flamenco fue en la Universidad de arte de Tama. Cuando era universitaria estudi\u00f3 baile flamenco con Hiromi Yamamuro y empez\u00f3 a estudiar por su cuenta el cante flamenco escuchando grabaciones de Manolo Caracol, Fernanda de Utrera y cantaores de Jerez. Empez\u00f3 a ir a Espa\u00f1a repetidamente y en esas ocasiones estudi\u00f3 el cante y el baile flamenco con varios artistas espa\u00f1oles. En el 2003 gana el premio de honor en la categor\u00eda del cante y al a\u00f1o siguiente vuelve a ganar consecutivamente en la categor\u00eda del baile solo en el concurso de nuevas promesas del flamenco en Jap\u00f3n. En el 2012 se muda a la cuna del flamenco, a Jerez de la Frontera. En 2014 regresa a Jap\u00f3n y lanza su \u00e1lbum en solitario \u201cVamos\u201d. Al a\u00f1o siguiente celebra el primer aniversario de la venta de este \u00e1lbum. En 2018 fue invitada como cantaora al programa oficial \u201cFLAMENCONAUTAS\u201d del Festival de Jerez y a la Fiesta de la Buler\u00eda \u201cJerez con Jap\u00f3n\u201d. Actualmente, a parte de impartir clases en Tokio y Nagoya, sigue haciendo espect\u00e1culos y actuaciones en varios lugares dentro y fuera de Jap\u00f3n.<\/p>\n<p>Presentaci\u00f3n de temas<br \/>\n\u25c6-El amanecer-  Alegr\u00edas<br \/>\nBaile : Yuka Imaeda<br \/>\n\u25c6Martinete<br \/>\nCante\uff1aKeiko Kawashima, Takamitsu Ishizuka<br \/>\n\u25c6Siguiriyas y Serrana<br \/>\nBaile\uff1aYuka Imaeda<br \/>\nPercusi\u00f3n\uff1aYosuke Hashimoto<br \/>\n\u25c6Fandangos y Abandolaos<br \/>\nBaile\uff1aYuka Imaeda, Izumi Inoue, Maki Ota, Mie Shinoda, Rino Shimazaki, Nahomi Fukuyama, Kasumi Matsushima<br \/>\n\u25c6Solo de Cante<br \/>\nCante\uff1aYuka Imaeda\u3000Guitarra\uff1aEnrique Sakai<br \/>\n\u30fbMalague\u00f1a del Mellizo<br \/>\n\u30fbFandangos<br \/>\n\u30fbTientos y Tangos de La Ni\u00f1a de los Peines<br \/>\n\u25c6\uff5eLatidos\uff5eSole\u00e1<br \/>\nBaile\uff1aYuka Imaeda<br \/>\nFin de fiesta<\/p>\n<p>Cr\u00e9ditos<br \/>\nBaile\/Cante\uff1aYuka Imaeda<br \/>\nGuitarra\uff1aEnrique Sakai, Ryotaro Shibata, Dan Hasegawa<br \/>\nCante\uff1aTakamitsu Ishizuka, Keiko Kawashima<br \/>\nPalmas\uff1aYuske  Saegusa\u3000\u3000<br \/>\nPercusi\u00f3n\uff1aYosuke Hashimoto<br \/>\nBaile\uff0fPalmas\uff1aIzumi Inoue, Maki Ota, Mie Shinoda, Rino Shimazaki, Nahomi Fukuyama, Kasumi Matsushima<\/p>\n<p>Realizaci\u00f3n\u30fbDirecci\u00f3n\uff1aYuka Imaeda<br \/>\nEscenograf\u00eda\uff1aMOMO Planning Teruo Yamada<br \/>\nLuz\uff1aOffice Sasaki Takanao Sasaki<br \/>\nSonido\uff1aKana Ennyu<br \/>\nFotograf\u00eda\uff1aYuki Omori<br \/>\nDirector de video\uff1aMu-Project Masahiro Teshima<br \/>\nAsistente de video\uff1aKinta Suzuki<br \/>\nVestuario\uff1aSONIA JOHNES, Tomoe Kyogoku, Manzanilla<br \/>\nDise\u00f1o\uff1a23&#8217;S FACTORY<br \/>\nIlustraciones\uff1aYuka Imaeda<br \/>\nProducci\u00f3n\uff1aSachie Yasuoka<br \/>\nCooperadora de producci\u00f3n\uff1aHit Creation Co., Ltd.<br \/>\nOperadores\uff1aTakayo Muramatsu, Hiromi Ishigaki, Takako Shimizu, Kazumi Taira, Yasue Wanibe<br \/>\nAgradecimientos\uff1aShoji Kojima, Keiko Inoue, Masari Doi<br \/>\nPatrocinio\uff1aEmbajada de Espa\u00f1a, Fundaci\u00f3n Maruwa, Asociaci\u00f3n Nipona del Flamenco<\/p>\n<p>\u25a0\u4eca\u679d\u53cb\u52a0Yuka Imaeda Official\u30d8\u309a\u30fc\u30b7\u3099<br \/>\n\u3010Instagram \u3011<br \/>\nhttps:\/\/instagram.com\/yukaimaeda_official<br \/>\n\u3010Facebook \u3011<br \/>\n\u2605\u4eca\u679d\u53cb\u52a0\u30e9\u30a4\u30d5\u3099\u3068\u30af\u30e9\u30b9\u60c5\u5831<br \/>\nhttps:\/\/www.facebook.com\/yuka.imaeda.live.class\/<br \/>\n\u2605YUKA Imaeda Flamenco (\u4eca\u679d\u53cb\u52a0)<br \/>\nhttps:\/\/www.facebook.com\/yukaimaedaflamenco\/<br \/>\n\u3010HOME PAGE\u3011<br \/>\nhttps:\/\/imaedaflamenco.com\/<\/p>\n<p>#JLOD<br \/>\n#yukaimaeda<br \/>\n#\u4eca\u679d\u53cb\u52a0<br \/>\n#\u591c\u660e\u3051\u306e\u9f13\u52d5<br \/>\n#\u30d5\u30e9\u30e1\u30f3\u30b3<br \/>\n#flamenco<\/p>\n","protected":false},"excerpt":{"rendered":"<p>\u4eca\u679d\u53cb\u52a0\u30ea\u30b5\u30a4\u30bf\u30ebvol.6\u300c\u591c\u660e\u3051\u306e\u9f13\u52d5\u300d \uff12\uff10\uff12\uff11\uff0e\uff15\uff0e\uff11\uff15 \uff20\u6e0b\u8c37\u300c\u3055\u304f\u3089\u30db\u30fc\u30eb\u300d \u65e5\u672c\u3092\u4ee3\u8868\u3059\u308b\u30d5\u30e9\u30e1\u30f3\u30b3\u30a2\u30fc\u30c6\u30a3\u30b9\u30c8\u201c\u4eca\u679d\u53cb\u52a0\u201d\u3092\u4e2d\u5fc3\u306b\u3001\u65e5\u672c\u30c8\u30c3\u30d7\u30af\u30e9\u30b9\u306e\u30a2\u30fc\u30c6\u30a3\u30b9\u30c8\u7dcf\u52e214\u540d\u306b\u3088\u308b\u30d5\u30e9\u30e1\u30f3\u30b3\u516c\u6f14\u3002\u300c\u591c\u660e\u3051\u306e<\/p>\n","protected":false},"author":3,"featured_media":1069264,"comment_status":"","ping_status":"","sticky":false,"template":"","format":"standard","meta":{"footnotes":"","_share_on_mastodon":"0"},"categories":[267482],"tags":[77137,267505,801757,36159,193837,184687,22,57774,57902,124208,26655,268665,21526],"class_list":{"0":"post-1069263","1":"post","2":"type-post","3":"status-publish","4":"format-standard","5":"has-post-thumbnail","7":"category-announcer","8":"tag-announcer","9":"tag-female-announcers","10":"tag-imaeda","11":"tag-jlodlive","12":"tag-kodo","13":"tag-recital","14":"tag-vlog","15":"tag-vol6","16":"tag-yoake","17":"tag-yuka","18":"tag-26655","19":"tag-268665","20":"tag-21526"},"share_on_mastodon":{"url":"","error":""},"_links":{"self":[{"href":"https:\/\/www.wacoca.com\/videos\/wp-json\/wp\/v2\/posts\/1069263","targetHints":{"allow":["GET"]}}],"collection":[{"href":"https:\/\/www.wacoca.com\/videos\/wp-json\/wp\/v2\/posts"}],"about":[{"href":"https:\/\/www.wacoca.com\/videos\/wp-json\/wp\/v2\/types\/post"}],"author":[{"embeddable":true,"href":"https:\/\/www.wacoca.com\/videos\/wp-json\/wp\/v2\/users\/3"}],"replies":[{"embeddable":true,"href":"https:\/\/www.wacoca.com\/videos\/wp-json\/wp\/v2\/comments?post=1069263"}],"version-history":[{"count":0,"href":"https:\/\/www.wacoca.com\/videos\/wp-json\/wp\/v2\/posts\/1069263\/revisions"}],"wp:featuredmedia":[{"embeddable":true,"href":"https:\/\/www.wacoca.com\/videos\/wp-json\/wp\/v2\/media\/1069264"}],"wp:attachment":[{"href":"https:\/\/www.wacoca.com\/videos\/wp-json\/wp\/v2\/media?parent=1069263"}],"wp:term":[{"taxonomy":"category","embeddable":true,"href":"https:\/\/www.wacoca.com\/videos\/wp-json\/wp\/v2\/categories?post=1069263"},{"taxonomy":"post_tag","embeddable":true,"href":"https:\/\/www.wacoca.com\/videos\/wp-json\/wp\/v2\/tags?post=1069263"}],"curies":[{"name":"wp","href":"https:\/\/api.w.org\/{rel}","templated":true}]}}