{"id":958448,"date":"2026-04-22T17:00:06","date_gmt":"2026-04-22T17:00:06","guid":{"rendered":"https:\/\/www.wacoca.com\/tour\/958448\/"},"modified":"2026-04-22T17:00:06","modified_gmt":"2026-04-22T17:00:06","slug":"lesercito-di-dio-il-ritorno-dellestrema-destra-in-europa-%f0%9f%87%b5%f0%9f%87%b1","status":"publish","type":"post","link":"https:\/\/www.wacoca.com\/tour\/958448\/","title":{"rendered":"L&#8217;ESERCITO DI DIO: IL RITORNO DELL&#8217;ESTREMA DESTRA IN EUROPA \ud83c\uddf5\ud83c\uddf1"},"content":{"rendered":"<p><iframe loading=\"lazy\" title = \"L&#039;ESERCITO DI DIO: IL RITORNO DELL&#039;ESTREMA DESTRA IN EUROPA \ud83c\uddf5\ud83c\uddf1\"   width=\"580\" height=\"385\" src=\"https:\/\/www.youtube.com\/embed\/LERFycGyC5M\" frameborder=\"0\" allowfullscreen><\/iframe><br \/>\n<br \/>\nL&#8217;ESERCITO DI DIO: IL RITORNO DELL&#8217;ESTREMA DESTRA IN EUROPA \ud83c\uddf5\ud83c\uddf1<\/p>\n<p>\u261e Ricevi il 2,50 % di interessi* con il conto deposito non vincolato di Scalable \ud83d\udc49 https:\/\/partner.scalable-capital.de\/go.cgi?pid=990&#038;wmid=1073&#038;cpid=4&#038;prid=13&#038;subid=&#038;target=Tagesgeld_AFF_2026<br \/>\n*Interesse annuo lordo variabile su liquidit\u00e0 illimitata. Condizioni e distribuzione della liquidit\u00e0 su scalable.capital\/conto-deposito-non-vincolato.<\/p>\n<p>Dio, Patria, Identit\u00e0. Questi sono i tre ideali sbandierati per le strade di Varsavia durante la Festa per l\u2019Indipendenza polacca, che si \u00e8 trasformata nel raduno di estrema destra pi\u00f9 grande del nostro continente. E qui tutti inneggiano contro un nemico: i rifugiati. La Polonia \u00e8 una delle \u201cporte\u201d dell\u2019Europa, protetta da un muro alto 5 metri che migliaia di migranti cercano di superare ogni giorno, sperando in un futuro migliore. <\/p>\n<p>Ma davanti a loro trovano un gruppo paramilitare chiamato \u201cEsercito di Dio\u201d, pronto a difendere il proprio paese con ogni mezzo. E noi abbiamo vissuto con loro per cercare di rispondere ad una domanda scomoda: la felicit\u00e0 pu\u00f2 nascere dalla paura e dall\u2019esclusione?<\/p>\n<p>\u2728 *Iscriviti al canale e viaggia con noi alla ricerca della formula della felicit\u00e0 nel mondo.*<br \/>\n\ud83d\udcf2 Seguici su Instagram: https:\/\/www.instagram.com\/progettohappiness\/<br \/>\n\ud83d\udc8c Per collaborazioni: info@progettohappiness.com<\/p>\n<p>Buona visione \u2665\ufe0e<\/p>\n<p>*\u26a1\ufe0fPROGETTO HAPPINESS TEAM\u26a1\ufe0f*<br \/>\n\u2022  AUTORE &#038; HOST: Giuseppe Bertuccio D&#8217;Angelo<br \/>\n\u2022\u2060  \u2060CINEMATOGRAPHER: Nicola Guaita, Davide Fantuzzi<br \/>\n\u2022\u2060  PRODUCER &#038; CO-AUTORE: Stefano Reposi<br \/>\n\u2022\u2060  \u2060EDITING: Nicola Guaita, Gianmarco Garimberti<br \/>\n\u2022\u2060  \u2060SOUND DESIGN &#038; MIX: Lorenzo Sattin<br \/>\n\u2022\u2060  \u2060SOUND DESIGN: Riccardo De Cillis<br \/>\n\u2022\u2060  \u2060TRADUZIONI: Fabrizio Chia<br \/>\n\u2022  DOPPIAGGIO MULTILINGUA: https:\/\/youdubstudio.com\/<\/p>\n","protected":false},"excerpt":{"rendered":"<p>L&#8217;ESERCITO DI DIO: IL RITORNO DELL&#8217;ESTREMA DESTRA IN EUROPA \ud83c\uddf5\ud83c\uddf1 \u261e Ricevi il 2,50 % di interessi* co<\/p>\n","protected":false},"author":2,"featured_media":958449,"comment_status":"","ping_status":"","sticky":false,"template":"","format":"standard","meta":{"footnotes":"","_share_on_mastodon":"0"},"categories":[144576],"tags":[488206,488196,488186,488188,488183,488201,488189,488200,178019,385817,178015,488193,488197,488203,488198,488194,488185,488202,488204,488195,488191,488184,488199,488192,488181,488207,488190,488187,488182,488205,443,677,1081,147374],"class_list":{"0":"post-958448","1":"post","2":"type-post","3":"status-publish","4":"format-standard","5":"has-post-thumbnail","7":"category-hokkaido","8":"tag-afd","9":"tag-anti-europa","10":"tag-crisi-migratoria","11":"tag-esercito-di-dio","12":"tag-estrema-destra-europa","13":"tag-europecrisis","14":"tag-far-right-europe","15":"tag-fascismo","16":"tag-formula-della-felicita","17":"tag-geopolitics","18":"tag-giuseppe-bertuccio-dangelo","19":"tag-global-crisis","20":"tag-immigration-crisis","21":"tag-islamist-in-europe","22":"tag-lega-nord","23":"tag-manifestaciones-europa","24":"tag-migranti-europa","25":"tag-migrants-in-europe","26":"tag-muslim-terrorist","27":"tag-nacionalismo","28":"tag-nationalism-europe","29":"tag-nazionalismo","30":"tag-new-nazi","31":"tag-political-tension","32":"tag-polonia","33":"tag-rassemblement-national","34":"tag-refugees-europe","35":"tag-rifugiati","36":"tag-varsavia","37":"tag-vox-espana","38":"tag-443","39":"tag-677","40":"tag-1081","41":"tag-147374"},"share_on_mastodon":{"url":"","error":""},"_links":{"self":[{"href":"https:\/\/www.wacoca.com\/tour\/wp-json\/wp\/v2\/posts\/958448","targetHints":{"allow":["GET"]}}],"collection":[{"href":"https:\/\/www.wacoca.com\/tour\/wp-json\/wp\/v2\/posts"}],"about":[{"href":"https:\/\/www.wacoca.com\/tour\/wp-json\/wp\/v2\/types\/post"}],"author":[{"embeddable":true,"href":"https:\/\/www.wacoca.com\/tour\/wp-json\/wp\/v2\/users\/2"}],"replies":[{"embeddable":true,"href":"https:\/\/www.wacoca.com\/tour\/wp-json\/wp\/v2\/comments?post=958448"}],"version-history":[{"count":0,"href":"https:\/\/www.wacoca.com\/tour\/wp-json\/wp\/v2\/posts\/958448\/revisions"}],"wp:featuredmedia":[{"embeddable":true,"href":"https:\/\/www.wacoca.com\/tour\/wp-json\/wp\/v2\/media\/958449"}],"wp:attachment":[{"href":"https:\/\/www.wacoca.com\/tour\/wp-json\/wp\/v2\/media?parent=958448"}],"wp:term":[{"taxonomy":"category","embeddable":true,"href":"https:\/\/www.wacoca.com\/tour\/wp-json\/wp\/v2\/categories?post=958448"},{"taxonomy":"post_tag","embeddable":true,"href":"https:\/\/www.wacoca.com\/tour\/wp-json\/wp\/v2\/tags?post=958448"}],"curies":[{"name":"wp","href":"https:\/\/api.w.org\/{rel}","templated":true}]}}