{"id":824020,"date":"2022-04-16T01:30:25","date_gmt":"2022-04-16T01:30:25","guid":{"rendered":"https:\/\/www.wacoca.com\/news\/824020\/"},"modified":"2022-04-16T01:30:25","modified_gmt":"2022-04-16T01:30:25","slug":"mi-verdadera-historia-en-akb48-%f0%9f%87%af%f0%9f%87%b5-parte-2","status":"publish","type":"post","link":"https:\/\/www.wacoca.com\/news\/824020\/","title":{"rendered":"Mi verdadera historia en AKB48 \ud83c\uddef\ud83c\uddf5 | Parte 2"},"content":{"rendered":"<p><iframe loading=\"lazy\"  width=\"580\" height=\"385\" src=\"https:\/\/www.youtube.com\/embed\/MjgTa9WYfys\" frameborder=\"0\" allowfullscreen><\/iframe><br \/>\n<br \/>\nEl ser integrante de AKB48 ha sido una de mis mejores experiencias, as\u00ed que me gustar\u00eda contarles esos momentos que marcaron mi vida y que llevo guardados en mi coraz\u00f3n con mucho cari\u00f1o.<\/p>\n<p>\u2b07\u2b07\u2b07\u2b07 MIS REDES SOCIALES \u2b07\u2b07\u2b07\u2b07<br \/>\nInstagram: https:\/\/www.instagram.com\/iamannairiyama<br \/>\nTwitter: https:\/\/twitter.com\/iriyamaanna1203<br \/>\nFacebook: https:\/\/www.facebook.com\/Anna-Iriyama-107752934971792<\/p>\n","protected":false},"excerpt":{"rendered":"<p>El ser integrante de AKB48 ha sido una de mis mejores experiencias, as\u00ed que me gustar\u00eda contarles esos momento<\/p>\n","protected":false},"author":4,"featured_media":824021,"comment_status":"","ping_status":"","sticky":false,"template":"","format":"standard","meta":{"footnotes":"","_share_on_mastodon":"0"},"categories":[53],"tags":[3714,2137,415215,339019,340914,340909,340910,7056,111587,451,379486,39802,379492,379487,379491,154784,340913,379489,340911,163941,379490,340912,415214,379488,350410,134,45584],"class_list":{"0":"post-824020","1":"post","2":"type-post","3":"status-publish","4":"format-standard","5":"has-post-thumbnail","7":"category-japan","8":"tag-akb","9":"tag-akb48","10":"tag-anecdotario","11":"tag-anna-iriyama","12":"tag-anna-iriyama-akb48","13":"tag-asians","14":"tag-coreano-vlogs","15":"tag-idol","16":"tag-iriyama-anna","17":"tag-japanese","18":"tag-japanistic","19":"tag-japon","20":"tag-japon-bien-perron","21":"tag-japon-con-jamon","22":"tag-japon-desconocido","23":"tag-japonesa","24":"tag-kenrovlogs","25":"tag-kira-sensei","26":"tag-luisito-comunica","27":"tag-mexico","28":"tag-nekojitablog","29":"tag-pueblos-magicos-de-mexico","30":"tag-recuerdos","31":"tag-ruthisan","32":"tag-viajes","33":"tag-vlog","34":"tag-45584"},"share_on_mastodon":{"url":"","error":""},"_links":{"self":[{"href":"https:\/\/www.wacoca.com\/news\/wp-json\/wp\/v2\/posts\/824020","targetHints":{"allow":["GET"]}}],"collection":[{"href":"https:\/\/www.wacoca.com\/news\/wp-json\/wp\/v2\/posts"}],"about":[{"href":"https:\/\/www.wacoca.com\/news\/wp-json\/wp\/v2\/types\/post"}],"author":[{"embeddable":true,"href":"https:\/\/www.wacoca.com\/news\/wp-json\/wp\/v2\/users\/4"}],"replies":[{"embeddable":true,"href":"https:\/\/www.wacoca.com\/news\/wp-json\/wp\/v2\/comments?post=824020"}],"version-history":[{"count":0,"href":"https:\/\/www.wacoca.com\/news\/wp-json\/wp\/v2\/posts\/824020\/revisions"}],"wp:featuredmedia":[{"embeddable":true,"href":"https:\/\/www.wacoca.com\/news\/wp-json\/wp\/v2\/media\/824021"}],"wp:attachment":[{"href":"https:\/\/www.wacoca.com\/news\/wp-json\/wp\/v2\/media?parent=824020"}],"wp:term":[{"taxonomy":"category","embeddable":true,"href":"https:\/\/www.wacoca.com\/news\/wp-json\/wp\/v2\/categories?post=824020"},{"taxonomy":"post_tag","embeddable":true,"href":"https:\/\/www.wacoca.com\/news\/wp-json\/wp\/v2\/tags?post=824020"}],"curies":[{"name":"wp","href":"https:\/\/api.w.org\/{rel}","templated":true}]}}