{"id":626401,"date":"2022-01-20T02:00:11","date_gmt":"2022-01-20T02:00:11","guid":{"rendered":"https:\/\/www.wacoca.com\/news\/626401\/"},"modified":"2022-01-20T02:00:11","modified_gmt":"2022-01-20T02:00:11","slug":"%f0%9f%87%b2%f0%9f%87%bd-idol-mexicana-en-japon-me-graduo-de-akb48-%f0%9f%87%b2%f0%9f%87%bd","status":"publish","type":"post","link":"https:\/\/www.wacoca.com\/news\/626401\/","title":{"rendered":"\ud83c\uddf2\ud83c\uddfd Idol mexicana en Jap\u00f3n: me grad\u00fao de AKB48 \ud83c\uddf2\ud83c\uddfd"},"content":{"rendered":"<p><iframe loading=\"lazy\"  width=\"580\" height=\"385\" src=\"https:\/\/www.youtube.com\/embed\/gpz9FqxsrRQ\" frameborder=\"0\" allowfullscreen><\/iframe><br \/>\n<br \/>\nLa vida est\u00e1 llena de decisiones importantes y como ya saben, hace unas semanas cerr\u00e9 un ciclo en mi vida al graduarme de AKB48 y en este video quiero compartir como me siento al respecto.<br \/>\nLo que m\u00e1s me alegra es saber que sigo contanto con su apoyo y cr\u00e9anme que se vendr\u00e1n proyectos muy interesantes que estoy ansiosa de compartirles.  <\/p>\n<p>\u2b07\u2b07\u2b07\u2b07 MIS REDES SOCIALES \u2b07\u2b07\u2b07\u2b07<br \/>\nInstagram: https:\/\/www.instagram.com\/iamannairiyama<br \/>\nTwitter: https:\/\/twitter.com\/iriyamaanna1203<br \/>\nFacebook: https:\/\/www.facebook.com\/Anna-Iriyama<\/p>\n","protected":false},"excerpt":{"rendered":"<p>La vida est\u00e1 llena de decisiones importantes y como ya saben, hace unas semanas cerr\u00e9 un ciclo en mi vida al g<\/p>\n","protected":false},"author":4,"featured_media":626402,"comment_status":"","ping_status":"","sticky":false,"template":"","format":"standard","meta":{"footnotes":"","_share_on_mastodon":"0"},"categories":[53],"tags":[1973,350409,2137,339019,340914,340909,340910,350407,350408,7056,111587,67,1217,68,1225,451,154784,340913,340911,163941,340912,350406,350410,134,45584],"class_list":{"0":"post-626401","1":"post","2":"type-post","3":"status-publish","4":"format-standard","5":"has-post-thumbnail","7":"category-japan","8":"tag-1973","9":"tag-adios-youtube","10":"tag-akb48","11":"tag-anna-iriyama","12":"tag-anna-iriyama-akb48","13":"tag-asians","14":"tag-coreano-vlogs","15":"tag-el-adios","16":"tag-gracias-por-todo","17":"tag-idol","18":"tag-iriyama-anna","19":"tag-japan","20":"tag-japan-breaking-news","21":"tag-japan-news","22":"tag-japan-today","23":"tag-japanese","24":"tag-japonesa","25":"tag-kenrovlogs","26":"tag-luisito-comunica","27":"tag-mexico","28":"tag-pueblos-magicos-de-mexico","29":"tag-un-adios","30":"tag-viajes","31":"tag-vlog","32":"tag-45584"},"share_on_mastodon":{"url":"","error":""},"_links":{"self":[{"href":"https:\/\/www.wacoca.com\/news\/wp-json\/wp\/v2\/posts\/626401","targetHints":{"allow":["GET"]}}],"collection":[{"href":"https:\/\/www.wacoca.com\/news\/wp-json\/wp\/v2\/posts"}],"about":[{"href":"https:\/\/www.wacoca.com\/news\/wp-json\/wp\/v2\/types\/post"}],"author":[{"embeddable":true,"href":"https:\/\/www.wacoca.com\/news\/wp-json\/wp\/v2\/users\/4"}],"replies":[{"embeddable":true,"href":"https:\/\/www.wacoca.com\/news\/wp-json\/wp\/v2\/comments?post=626401"}],"version-history":[{"count":0,"href":"https:\/\/www.wacoca.com\/news\/wp-json\/wp\/v2\/posts\/626401\/revisions"}],"wp:featuredmedia":[{"embeddable":true,"href":"https:\/\/www.wacoca.com\/news\/wp-json\/wp\/v2\/media\/626402"}],"wp:attachment":[{"href":"https:\/\/www.wacoca.com\/news\/wp-json\/wp\/v2\/media?parent=626401"}],"wp:term":[{"taxonomy":"category","embeddable":true,"href":"https:\/\/www.wacoca.com\/news\/wp-json\/wp\/v2\/categories?post=626401"},{"taxonomy":"post_tag","embeddable":true,"href":"https:\/\/www.wacoca.com\/news\/wp-json\/wp\/v2\/tags?post=626401"}],"curies":[{"name":"wp","href":"https:\/\/api.w.org\/{rel}","templated":true}]}}