{"id":340836,"date":"2021-08-25T20:12:48","date_gmt":"2021-08-25T20:12:48","guid":{"rendered":"https:\/\/www.wacoca.com\/news\/340836\/"},"modified":"2021-08-25T20:12:48","modified_gmt":"2021-08-25T20:12:48","slug":"rt%ef%bc%9a%e3%83%91%e3%83%a9%e3%83%aa%e3%83%b3%e3%83%94%e3%83%83%e3%82%af%e7%ab%b6%e6%8a%80%e3%81%aechaquenopride%ef%bc%83tokyo2020%e3%82%b5%e3%83%83%e3%82%ab%e3%83%bc%e9%81%b8%e6%89%8b%e3%81%ae","status":"publish","type":"post","link":"https:\/\/www.wacoca.com\/news\/340836\/","title":{"rendered":"RT\uff1a\u30d1\u30e9\u30ea\u30f3\u30d4\u30c3\u30af\u7af6\u6280\u306eCHAQUE\u00d1OPRIDE\uff03Tokyo2020\u30b5\u30c3\u30ab\u30fc\u9078\u624b\u306e\u30a2\u30f3\u30b2\u30eb..\u3002"},"content":{"rendered":"<p><img decoding=\"async\" src=\"https:\/\/www.wacoca.com\/news\/wp-content\/uploads\/2021\/08\/E9qZJPwWEAUY1Et.jpg\" \/><\/p>\n<p><img decoding=\"async\" src=\"https:\/\/www.wacoca.com\/news\/wp-content\/uploads\/2021\/08\/E9qZJbWWEA0cWeV.jpg\"\/><\/p>\n<p>RT\uff1a\u30d1\u30e9\u30ea\u30f3\u30d4\u30c3\u30af\u306eCHAQUE\u00d1OPRIDE\uff03Tokyo2020\u267f\ud83c\udfca\u200d\u2640\ufe0f\u26bd\ud83d\udc68\u200d\ud83e\uddaf\ud83c\udfc5\ud83d\udc9c\ud83c\udde6\ud83c\uddf7\u30b5\u30c3\u30ab\u30fc\u9078\u624b\u306e\u30a2\u30f3\u30d8\u30eb\u30fb\u30c7\u30eb\u30c9\u3068\u30b9\u30a4\u30de\u30fc\u306e\u30c0\u30cb\u30a8\u30e9\u30fb\u30d2\u30e1\u30cd\u30b9\u304c57\u306e\u30b3\u30df\u30c3\u30b7\u30e7\u30f3\u3092\u69cb\u6210\u3057\u3066\u3044\u307e\u3059\u3002 \u305d\u308c\u3089\u306f\u4e21\u65b9\u3068\u3082chaque\u00f1xs\u3067\u3059&#8230; @ jmcapitanich @ppkine <a href=\"https:\/\/t.co\/40svrLftBq\" target=\"_blank\" rel=\"noopener nofollow\">https:\/\/t.co\/40svrLftBq<\/a><br \/>\n<\/p>\n<blockquote class=\"twitter-tweet\">\n<p lang=\"es\" dir=\"ltr\">RT: ORGULLO CHAQUE\u00d1O EN LOS JUEGOS PARAL\u00cdMPICOS <a href=\"https:\/\/twitter.com\/hashtag\/Tokyo2020?src=hash&amp;ref_src=twsrc%5Etfw\" rel=\"nofollow noopener\" target=\"_blank\">#Tokyo2020<\/a> \u267f<\/p>\n<p>\ud83c\udfca\u200d\u2640\ufe0f\u26bd\ud83d\udc68\u200d\ud83e\uddaf\ud83c\udfc5\ud83d\udc9c\ud83c\udde6\ud83c\uddf7El futbolista \u00c1ngel Deld\u00f3 y la nadadora Daniela Gim\u00e9nez integran la comisi\u00f3n de 57 deportistas argentinos\/as que ya compiten en los Paral\u00edmpicos de Tokio. \u00a1Los dos son chaque\u00f1xs&#8230;<a href=\"https:\/\/twitter.com\/jmcapitanich?ref_src=twsrc%5Etfw\" rel=\"nofollow noopener\" target=\"_blank\">@jmcapitanich<\/a> <a href=\"https:\/\/twitter.com\/ppkine?ref_src=twsrc%5Etfw\" rel=\"nofollow noopener\" target=\"_blank\">@ppkine<\/a> <a href=\"https:\/\/t.co\/40svrLftBq\" rel=\"nofollow\">pic.twitter.com\/40svrLftBq<\/a><\/p>\n<p>&mdash; IPRODICH \u267f\ufe0f (@IPRODICH) <a href=\"https:\/\/twitter.com\/IPRODICH\/status\/1430624221080719367?ref_src=twsrc%5Etfw\" rel=\"nofollow noopener\" target=\"_blank\">August 25, 2021<\/a><\/p><\/blockquote>\n<p><script async src=\"https:\/\/platform.twitter.com\/widgets.js\" charset=\"utf-8\"><\/script><\/p>\n","protected":false},"excerpt":{"rendered":"<p>RT\uff1a\u30d1\u30e9\u30ea\u30f3\u30d4\u30c3\u30af\u306eCHAQUE\u00d1OPRIDE\uff03Tokyo2020\u267f\ud83c\udfca\u200d\u2640\ufe0f\u26bd\ud83d\udc68\u200d\ud83e\uddaf\ud83c\udfc5\ud83d\udc9c\ud83c\udde6\ud83c\uddf7\u30b5\u30c3\u30ab\u30fc\u9078\u624b\u306e\u30a2\u30f3\u30d8\u30eb\u30fb\u30c7\u30eb\u30c9\u3068\u30b9\u30a4\u30de\u30fc\u306e\u30c0\u30cb\u30a8\u30e9\u30fb\u30d2\u30e1\u30cd\u30b9\u304c57\u306e\u30b3\u30df\u30c3\u30b7\u30e7\u30f3\u3092\u69cb\u6210\u3057\u3066\u3044\u307e\u3059\u3002 \u305d\u308c\u3089\u306f\u4e21\u65b9\u3068\u3082chaqu<\/p>\n","protected":false},"author":4,"featured_media":340837,"comment_status":"","ping_status":"","sticky":false,"template":"","format":"standard","meta":{"footnotes":"","_share_on_mastodon":"0"},"categories":[202487],"tags":[202490,202493,30846,202492,39147,202491,202494,205668,29931],"class_list":{"0":"post-340836","1":"post","2":"type-post","3":"status-publish","4":"format-standard","5":"has-post-thumbnail","7":"category-tokyo-olympics-2020","8":"tag-olympics-2020","9":"tag-olympics-2021","10":"tag-tokyo-2020","11":"tag-tokyo-2021","12":"tag-tokyo-olympics","13":"tag-tokyo-olympics-2020","14":"tag-tokyo-olympics-2021","15":"tag-tokyo-olympics-tweets","16":"tag-tokyo2020"},"share_on_mastodon":{"url":"","error":""},"_links":{"self":[{"href":"https:\/\/www.wacoca.com\/news\/wp-json\/wp\/v2\/posts\/340836","targetHints":{"allow":["GET"]}}],"collection":[{"href":"https:\/\/www.wacoca.com\/news\/wp-json\/wp\/v2\/posts"}],"about":[{"href":"https:\/\/www.wacoca.com\/news\/wp-json\/wp\/v2\/types\/post"}],"author":[{"embeddable":true,"href":"https:\/\/www.wacoca.com\/news\/wp-json\/wp\/v2\/users\/4"}],"replies":[{"embeddable":true,"href":"https:\/\/www.wacoca.com\/news\/wp-json\/wp\/v2\/comments?post=340836"}],"version-history":[{"count":0,"href":"https:\/\/www.wacoca.com\/news\/wp-json\/wp\/v2\/posts\/340836\/revisions"}],"wp:featuredmedia":[{"embeddable":true,"href":"https:\/\/www.wacoca.com\/news\/wp-json\/wp\/v2\/media\/340837"}],"wp:attachment":[{"href":"https:\/\/www.wacoca.com\/news\/wp-json\/wp\/v2\/media?parent=340836"}],"wp:term":[{"taxonomy":"category","embeddable":true,"href":"https:\/\/www.wacoca.com\/news\/wp-json\/wp\/v2\/categories?post=340836"},{"taxonomy":"post_tag","embeddable":true,"href":"https:\/\/www.wacoca.com\/news\/wp-json\/wp\/v2\/tags?post=340836"}],"curies":[{"name":"wp","href":"https:\/\/api.w.org\/{rel}","templated":true}]}}