{"id":340481,"date":"2021-08-25T14:06:02","date_gmt":"2021-08-25T14:06:02","guid":{"rendered":"https:\/\/www.wacoca.com\/news\/340481\/"},"modified":"2021-08-25T14:06:02","modified_gmt":"2021-08-25T14:06:02","slug":"%ef%bc%83%e6%9d%b1%e4%ba%ac2020%e3%83%91%e3%83%a9%e3%83%aa%e3%83%b3%e3%83%94%e3%83%83%e3%82%af%e3%81%8c%e9%96%8b%e5%82%ac%e3%81%95%e3%82%8c%e3%81%be%e3%81%99%ef%bc%81-%e3%82%82%e3%81%86%e4%b8%80","status":"publish","type":"post","link":"https:\/\/www.wacoca.com\/news\/340481\/","title":{"rendered":"\uff03\u6771\u4eac2020\u30d1\u30e9\u30ea\u30f3\u30d4\u30c3\u30af\u304c\u958b\u50ac\u3055\u308c\u307e\u3059\uff01 \u3082\u3046\u4e00\u5e74\u3001\uff03Panason\u304b\u3089..\u3002"},"content":{"rendered":"<p><img decoding=\"async\" src=\"https:\/\/www.wacoca.com\/news\/wp-content\/uploads\/2021\/08\/E9pFMn9X0AAWe1e.jpg\" \/><\/p>\n<p>\uff03\u6771\u4eac2020\u30d1\u30e9\u30ea\u30f3\u30d4\u30c3\u30af\u304c\u958b\u50ac\u3055\u308c\u307e\u3059\uff01 \u3082\u30461\u5e74\u3001\uff03Panasonic\u304b\u3089\u3001\u4e16\u754c\u306e\u30b9\u30dd\u30f3\u30b5\u30fc\u3068\u3057\u3066#Paralympics\u3092\u30b5\u30dd\u30fc\u30c8\u3057\u307e\u3059\u3002  2014\u5e74\u304b\u3089\u53c2\u52a0\u3067\u304d\u3066\u5e78\u904b\u306a\u30e6\u30cb\u30fc\u30af\u3067\u611f\u52d5\u7684\u306a\u4f53\u9a13\u3002\uff03SharingThePassion #ForeverForward <a href=\"https:\/\/t.co\/BQoZFUJRMr\" target=\"_blank\" rel=\"noopener nofollow\">https:\/\/t.co\/BQoZFUJRMr<\/a><br \/>\n<\/p>\n<blockquote class=\"twitter-tweet\">\n<p lang=\"es\" dir=\"ltr\">\u00a1Ya est\u00e1n aqu\u00ed los Juegos Paral\u00edmpicos de <a href=\"https:\/\/twitter.com\/hashtag\/Tokyo2020?src=hash&amp;ref_src=twsrc%5Etfw\" rel=\"nofollow noopener\" target=\"_blank\">#Tokyo2020<\/a>! Un a\u00f1o m\u00e1s, desde <a href=\"https:\/\/twitter.com\/hashtag\/Panasonic?src=hash&amp;ref_src=twsrc%5Etfw\" rel=\"nofollow noopener\" target=\"_blank\">#Panasonic<\/a>, apoyamos los <a href=\"https:\/\/twitter.com\/hashtag\/Paralympics?src=hash&amp;ref_src=twsrc%5Etfw\" rel=\"nofollow noopener\" target=\"_blank\">#Paralympics<\/a> como patrocinadores mundiales. Una experiencia \u00fanica y emotiva de la que tenemos la suerte de formar parte desde 2014. <a href=\"https:\/\/twitter.com\/hashtag\/SharingThePassion?src=hash&amp;ref_src=twsrc%5Etfw\" rel=\"nofollow noopener\" target=\"_blank\">#SharingThePassion<\/a> <a href=\"https:\/\/twitter.com\/hashtag\/ForeverForward?src=hash&amp;ref_src=twsrc%5Etfw\" rel=\"nofollow noopener\" target=\"_blank\">#ForeverForward<\/a> <a href=\"https:\/\/t.co\/BQoZFUJRMr\" rel=\"nofollow\">pic.twitter.com\/BQoZFUJRMr<\/a><\/p>\n<p>&mdash; Panasonic Espa\u00f1a (@panasonicESP) <a href=\"https:\/\/twitter.com\/panasonicESP\/status\/1430531918966272004?ref_src=twsrc%5Etfw\" rel=\"nofollow noopener\" target=\"_blank\">August 25, 2021<\/a><\/p><\/blockquote>\n<p><script async src=\"https:\/\/platform.twitter.com\/widgets.js\" charset=\"utf-8\"><\/script><\/p>\n","protected":false},"excerpt":{"rendered":"<p>\uff03\u6771\u4eac2020\u30d1\u30e9\u30ea\u30f3\u30d4\u30c3\u30af\u304c\u958b\u50ac\u3055\u308c\u307e\u3059\uff01 \u3082\u30461\u5e74\u3001\uff03Panasonic\u304b\u3089\u3001\u4e16\u754c\u306e\u30b9\u30dd\u30f3\u30b5\u30fc\u3068\u3057\u3066#Paralympics\u3092\u30b5\u30dd\u30fc\u30c8\u3057\u307e\u3059\u3002 2014\u5e74\u304b\u3089\u53c2\u52a0\u3067\u304d\u3066\u5e78\u904b\u306a\u30e6\u30cb\u30fc\u30af\u3067\u611f\u52d5\u7684\u306a\u4f53\u9a13\u3002\uff03SharingT<\/p>\n","protected":false},"author":4,"featured_media":340482,"comment_status":"","ping_status":"","sticky":false,"template":"","format":"standard","meta":{"footnotes":"","_share_on_mastodon":"0"},"categories":[202487],"tags":[235653,202490,202493,30641,46304,235652,30846,202492,39147,202491,202494,205668,29931],"class_list":{"0":"post-340481","1":"post","2":"type-post","3":"status-publish","4":"format-standard","5":"has-post-thumbnail","7":"category-tokyo-olympics-2020","8":"tag-foreverforward","9":"tag-olympics-2020","10":"tag-olympics-2021","11":"tag-panasonic","12":"tag-paralympics","13":"tag-sharingthepassion","14":"tag-tokyo-2020","15":"tag-tokyo-2021","16":"tag-tokyo-olympics","17":"tag-tokyo-olympics-2020","18":"tag-tokyo-olympics-2021","19":"tag-tokyo-olympics-tweets","20":"tag-tokyo2020"},"share_on_mastodon":{"url":"","error":""},"_links":{"self":[{"href":"https:\/\/www.wacoca.com\/news\/wp-json\/wp\/v2\/posts\/340481","targetHints":{"allow":["GET"]}}],"collection":[{"href":"https:\/\/www.wacoca.com\/news\/wp-json\/wp\/v2\/posts"}],"about":[{"href":"https:\/\/www.wacoca.com\/news\/wp-json\/wp\/v2\/types\/post"}],"author":[{"embeddable":true,"href":"https:\/\/www.wacoca.com\/news\/wp-json\/wp\/v2\/users\/4"}],"replies":[{"embeddable":true,"href":"https:\/\/www.wacoca.com\/news\/wp-json\/wp\/v2\/comments?post=340481"}],"version-history":[{"count":0,"href":"https:\/\/www.wacoca.com\/news\/wp-json\/wp\/v2\/posts\/340481\/revisions"}],"wp:featuredmedia":[{"embeddable":true,"href":"https:\/\/www.wacoca.com\/news\/wp-json\/wp\/v2\/media\/340482"}],"wp:attachment":[{"href":"https:\/\/www.wacoca.com\/news\/wp-json\/wp\/v2\/media?parent=340481"}],"wp:term":[{"taxonomy":"category","embeddable":true,"href":"https:\/\/www.wacoca.com\/news\/wp-json\/wp\/v2\/categories?post=340481"},{"taxonomy":"post_tag","embeddable":true,"href":"https:\/\/www.wacoca.com\/news\/wp-json\/wp\/v2\/tags?post=340481"}],"curies":[{"name":"wp","href":"https:\/\/api.w.org\/{rel}","templated":true}]}}