{"id":337947,"date":"2021-08-23T19:16:09","date_gmt":"2021-08-23T19:16:09","guid":{"rendered":"https:\/\/www.wacoca.com\/news\/337947\/"},"modified":"2021-08-23T19:16:09","modified_gmt":"2021-08-23T19:16:09","slug":"%e7%a4%be%e9%95%b7%e3%81%aerterdogan%e3%81%a8ms-emineerdogan%e3%81%af%e3%80%81%ef%bc%83tokyo2020%e3%81%ae%e8%aa%87%e3%82%8a%e3%81%a7%e3%81%99","status":"publish","type":"post","link":"https:\/\/www.wacoca.com\/news\/337947\/","title":{"rendered":"\u793e\u9577\u306e@RTErdogan\u3068Ms. @ EmineErdogan\u306f\u3001\uff03Tokyo2020\u306e\u8a87\u308a\u3067\u3059&#8230;"},"content":{"rendered":"<p><img decoding=\"async\" src=\"https:\/\/www.wacoca.com\/news\/wp-content\/uploads\/2021\/08\/E9f4_qiXsAA4GPz.jpg\" \/><\/p>\n<p><img decoding=\"async\" src=\"https:\/\/www.wacoca.com\/news\/wp-content\/uploads\/2021\/08\/E9f4_qcXIAYJphv.jpg\"\/><br \/><img decoding=\"async\" src=\"https:\/\/www.wacoca.com\/news\/wp-content\/uploads\/2021\/08\/E9f4_qdXoAMtmdX.jpg\"\/><br \/><img decoding=\"async\" src=\"https:\/\/www.wacoca.com\/news\/wp-content\/uploads\/2021\/08\/E9f4_qdWYAUnAyW.jpg\"\/><\/p>\n<p>\u79c1\u305f\u3061\u306e\u793e\u9577@RTErdogan\u3068Ms. @ EmineErdogan\u306f\u3001\uff03Tokyo2020\u3067\u79c1\u305f\u3061\u306e\u5168\u56fd\u30a2\u30b9\u30ea\u30fc\u30c8\u3068\u4e00\u7dd2\u306b\u3044\u307e\u3057\u305f\u3002 \u3082\u3046\u4e00\u5ea6\u3001\u30c8\u30eb\u30b3\u306e\u65d7\u3092\u4ee3\u8868\u3057\u3066\u3001\u79c1\u305f\u3061\u306e\u56fd\u3092\u79f0\u3048\u308b\u30a2\u30b9\u30ea\u30fc\u30c8\u3084\u82e5\u8005\u305f\u3061\u306b\u5fc3\u304b\u3089\u795d\u798f\u3057\u307e\u3059\u3002\ud83c\uddf9\ud83c\uddf7\ud83c\uddf9\ud83c\uddf7\ud83c\uddf9\ud83c\uddf7\ud83e\udd47\ud83e\udd48\ud83e\udd49 <a href=\"https:\/\/t.co\/dUpOF3tsjQ\" target=\"_blank\" rel=\"noopener nofollow\">https:\/\/t.co\/dUpOF3tsjQ<\/a><br \/>\n<\/p>\n<blockquote class=\"twitter-tweet\">\n<p lang=\"tr\" dir=\"ltr\">Cumhurba\u015fkan\u0131m\u0131z <a href=\"https:\/\/twitter.com\/RTErdogan?ref_src=twsrc%5Etfw\" rel=\"nofollow noopener\" target=\"_blank\">@RTErdogan<\/a> ve Han\u0131mefendi <a href=\"https:\/\/twitter.com\/EmineErdogan?ref_src=twsrc%5Etfw\" rel=\"nofollow noopener\" target=\"_blank\">@EmineErdogan<\/a> <a href=\"https:\/\/twitter.com\/hashtag\/Tokyo2020?src=hash&amp;ref_src=twsrc%5Etfw\" rel=\"nofollow noopener\" target=\"_blank\">#Tokyo2020<\/a>\u2019de gururumuz Milli sporcular\u0131m\u0131zla birlikteydiler. T\u00fcrk Bayra\u011f\u0131m\u0131z\u0131 temsil ederek ba\u015far\u0131lar\u0131 ile \u00fclkemizi onurland\u0131ran sporcular\u0131m\u0131z\u0131, gen\u00e7lerimizi bir kez daha can-\u0131 g\u00f6n\u00fclden tebrik ederim.\ud83c\uddf9\ud83c\uddf7\ud83c\uddf9\ud83c\uddf7\ud83c\uddf9\ud83c\uddf7\ud83e\udd47\ud83e\udd48\ud83e\udd49 <a href=\"https:\/\/t.co\/dUpOF3tsjQ\" rel=\"nofollow\">pic.twitter.com\/dUpOF3tsjQ<\/a><\/p>\n<p>&mdash; Do\u00e7.Dr E.Sare Ayd\u0131n \ud83c\uddf9\ud83c\uddf7 (@ESAREA) <a href=\"https:\/\/twitter.com\/ESAREA\/status\/1429885186955747336?ref_src=twsrc%5Etfw\" rel=\"nofollow noopener\" target=\"_blank\">August 23, 2021<\/a><\/p><\/blockquote>\n<p><script async src=\"https:\/\/platform.twitter.com\/widgets.js\" charset=\"utf-8\"><\/script><\/p>\n","protected":false},"excerpt":{"rendered":"<p>\u79c1\u305f\u3061\u306e\u793e\u9577@RTErdogan\u3068Ms. @ EmineErdogan\u306f\u3001\uff03Tokyo2020\u3067\u79c1\u305f\u3061\u306e\u5168\u56fd\u30a2\u30b9\u30ea\u30fc\u30c8\u3068\u4e00\u7dd2\u306b\u3044\u307e\u3057\u305f\u3002 \u3082\u3046\u4e00\u5ea6\u3001\u30c8\u30eb\u30b3\u306e\u65d7\u3092\u4ee3\u8868\u3057\u3066\u3001\u79c1\u305f\u3061\u306e\u56fd\u3092\u79f0\u3048\u308b\u30a2\u30b9\u30ea\u30fc\u30c8\u3084\u82e5\u8005\u305f\u3061\u306b\u5fc3\u304b\u3089\u795d\u798f<\/p>\n","protected":false},"author":4,"featured_media":337948,"comment_status":"","ping_status":"","sticky":false,"template":"","format":"standard","meta":{"footnotes":"","_share_on_mastodon":"0"},"categories":[202487],"tags":[202490,202493,30846,202492,39147,202491,202494,205668,29931],"class_list":{"0":"post-337947","1":"post","2":"type-post","3":"status-publish","4":"format-standard","5":"has-post-thumbnail","7":"category-tokyo-olympics-2020","8":"tag-olympics-2020","9":"tag-olympics-2021","10":"tag-tokyo-2020","11":"tag-tokyo-2021","12":"tag-tokyo-olympics","13":"tag-tokyo-olympics-2020","14":"tag-tokyo-olympics-2021","15":"tag-tokyo-olympics-tweets","16":"tag-tokyo2020"},"share_on_mastodon":{"url":"","error":""},"_links":{"self":[{"href":"https:\/\/www.wacoca.com\/news\/wp-json\/wp\/v2\/posts\/337947","targetHints":{"allow":["GET"]}}],"collection":[{"href":"https:\/\/www.wacoca.com\/news\/wp-json\/wp\/v2\/posts"}],"about":[{"href":"https:\/\/www.wacoca.com\/news\/wp-json\/wp\/v2\/types\/post"}],"author":[{"embeddable":true,"href":"https:\/\/www.wacoca.com\/news\/wp-json\/wp\/v2\/users\/4"}],"replies":[{"embeddable":true,"href":"https:\/\/www.wacoca.com\/news\/wp-json\/wp\/v2\/comments?post=337947"}],"version-history":[{"count":0,"href":"https:\/\/www.wacoca.com\/news\/wp-json\/wp\/v2\/posts\/337947\/revisions"}],"wp:featuredmedia":[{"embeddable":true,"href":"https:\/\/www.wacoca.com\/news\/wp-json\/wp\/v2\/media\/337948"}],"wp:attachment":[{"href":"https:\/\/www.wacoca.com\/news\/wp-json\/wp\/v2\/media?parent=337947"}],"wp:term":[{"taxonomy":"category","embeddable":true,"href":"https:\/\/www.wacoca.com\/news\/wp-json\/wp\/v2\/categories?post=337947"},{"taxonomy":"post_tag","embeddable":true,"href":"https:\/\/www.wacoca.com\/news\/wp-json\/wp\/v2\/tags?post=337947"}],"curies":[{"name":"wp","href":"https:\/\/api.w.org\/{rel}","templated":true}]}}