{"id":327599,"date":"2021-08-17T16:00:32","date_gmt":"2021-08-17T16:00:32","guid":{"rendered":"https:\/\/www.wacoca.com\/news\/327599\/"},"modified":"2021-08-17T16:00:32","modified_gmt":"2021-08-17T16:00:32","slug":"%ef%bc%83%e6%9d%b1%e4%ba%ac2020%e3%83%91%e3%83%a9%e3%83%aa%e3%83%b3%e3%83%94%e3%83%83%e3%82%af%e3%81%ae%e9%96%8b%e4%bc%9a%e5%bc%8f%e3%81%af1%e6%97%a5%e3%81%8b%e3%82%89%e5%a7%8b%e3%81%be%e3%82%8a","status":"publish","type":"post","link":"https:\/\/www.wacoca.com\/news\/327599\/","title":{"rendered":"\uff03\u6771\u4eac2020\u30d1\u30e9\u30ea\u30f3\u30d4\u30c3\u30af\u306e\u958b\u4f1a\u5f0f\u306f1\u65e5\u304b\u3089\u59cb\u307e\u308a\u307e\u3059&#8230;"},"content":{"rendered":"<p><img decoding=\"async\" src=\"https:\/\/www.wacoca.com\/news\/wp-content\/uploads\/2021\/08\/Ji8X54Xk9c810Kic.jpg\" \/><\/p>\n<p>\uff03\u6771\u4eac2020\u30d1\u30e9\u30ea\u30f3\u30d4\u30c3\u30af\u306e\u958b\u4f1a\u5f0f\u304c1\u9031\u9593\u3067\u59cb\u307e\u308a\u307e\u3059\uff01  \u2728\u30d1\u30e9\u30ea\u30f3\u30d4\u30a2\u30f3\u306b\u5831\u916c\u3092\u4e0e\u3048\u308b\u30e1\u30c0\u30eb\u3092\u4f5c\u308b\u30d7\u30ed\u30bb\u30b9\u3092\u767a\u898b\u3057\u3066\u304f\u3060\u3055\u3044\u3002  \ud83d\udc4d\u267b\ufe0f\ud83e\udd47\ud83e\udd48\ud83e\udd49\u267b\ufe0f\uff03UnitedByEmotion |  \uff03\u30d1\u30e9\u30ea\u30f3\u30d4\u30c3\u30af|  \uff03Tokyo2020 <a href=\"https:\/\/t.co\/V629SEmUKM\" target=\"_blank\" rel=\"noopener nofollow\">https:\/\/t.co\/V629SEmUKM<\/a><\/p>\n<blockquote class=\"twitter-video\"><p><a href=\"https:\/\/twitter.com\/Tokyo2020\/status\/1427661632554033159\" rel=\"nofollow noopener\" target=\"_blank\"><\/a><\/p><\/blockquote>\n<p><script async src=\"\/\/platform.twitter.com\/widgets.js\" charset=\"utf-8\"><\/script><\/p>\n<p><\/p>\n<blockquote class=\"twitter-tweet\">\n<p lang=\"fr\" dir=\"ltr\">La c\u00e9r\u00e9monie d&#39;ouverture des Jeux Paralympiques de <a href=\"https:\/\/twitter.com\/hashtag\/Tokyo2020?src=hash&amp;ref_src=twsrc%5Etfw\" rel=\"nofollow noopener\" target=\"_blank\">#Tokyo2020<\/a> d\u00e9bute dans 1\u20e3 semaine ! \u2728 <\/p>\n<p>D\u00e9couvrez donc le processus de fabrication des m\u00e9dailles qui r\u00e9compenseront les paralympiens. \ud83d\udc4d<\/p>\n<p>\u267b\ufe0f \ud83e\udd47\ud83e\udd48\ud83e\udd49 \u267b\ufe0f<a href=\"https:\/\/twitter.com\/hashtag\/UnitedByEmotion?src=hash&amp;ref_src=twsrc%5Etfw\" rel=\"nofollow noopener\" target=\"_blank\">#UnitedByEmotion<\/a> | <a href=\"https:\/\/twitter.com\/hashtag\/Paralympics?src=hash&amp;ref_src=twsrc%5Etfw\" rel=\"nofollow noopener\" target=\"_blank\">#Paralympics<\/a> | <a href=\"https:\/\/twitter.com\/hashtag\/Tokyo2020?src=hash&amp;ref_src=twsrc%5Etfw\" rel=\"nofollow noopener\" target=\"_blank\">#Tokyo2020<\/a> <a href=\"https:\/\/t.co\/V629SEmUKM\" rel=\"nofollow\">pic.twitter.com\/V629SEmUKM<\/a><\/p>\n<p>&mdash; #Tokyo2020 (@Tokyo2020) <a href=\"https:\/\/twitter.com\/Tokyo2020\/status\/1427661632554033159?ref_src=twsrc%5Etfw\" rel=\"nofollow noopener\" target=\"_blank\">August 17, 2021<\/a><\/p><\/blockquote>\n<p><script async src=\"https:\/\/platform.twitter.com\/widgets.js\" charset=\"utf-8\"><\/script><\/p>\n","protected":false},"excerpt":{"rendered":"<p>\uff03\u6771\u4eac2020\u30d1\u30e9\u30ea\u30f3\u30d4\u30c3\u30af\u306e\u958b\u4f1a\u5f0f\u304c1\u9031\u9593\u3067\u59cb\u307e\u308a\u307e\u3059\uff01 \u2728\u30d1\u30e9\u30ea\u30f3\u30d4\u30a2\u30f3\u306b\u5831\u916c\u3092\u4e0e\u3048\u308b\u30e1\u30c0\u30eb\u3092\u4f5c\u308b\u30d7\u30ed\u30bb\u30b9\u3092\u767a\u898b\u3057\u3066\u304f\u3060\u3055\u3044\u3002 \ud83d\udc4d\u267b\ufe0f\ud83e\udd47\ud83e\udd48\ud83e\udd49\u267b\ufe0f\uff03UnitedByEmotion | \uff03\u30d1\u30e9\u30ea\u30f3\u30d4\u30c3\u30af| \uff03Tokyo2<\/p>\n","protected":false},"author":4,"featured_media":327600,"comment_status":"","ping_status":"","sticky":false,"template":"","format":"standard","meta":{"footnotes":"","_share_on_mastodon":"0"},"categories":[202487],"tags":[202490,202493,46304,30846,202492,39147,202491,202494,202575,29931,202623],"class_list":{"0":"post-327599","1":"post","2":"type-post","3":"status-publish","4":"format-standard","5":"has-post-thumbnail","7":"category-tokyo-olympics-2020","8":"tag-olympics-2020","9":"tag-olympics-2021","10":"tag-paralympics","11":"tag-tokyo-2020","12":"tag-tokyo-2021","13":"tag-tokyo-olympics","14":"tag-tokyo-olympics-2020","15":"tag-tokyo-olympics-2021","16":"tag-tokyo-olympics-official-tweets","17":"tag-tokyo2020","18":"tag-unitedbyemotion"},"share_on_mastodon":{"url":"","error":""},"_links":{"self":[{"href":"https:\/\/www.wacoca.com\/news\/wp-json\/wp\/v2\/posts\/327599","targetHints":{"allow":["GET"]}}],"collection":[{"href":"https:\/\/www.wacoca.com\/news\/wp-json\/wp\/v2\/posts"}],"about":[{"href":"https:\/\/www.wacoca.com\/news\/wp-json\/wp\/v2\/types\/post"}],"author":[{"embeddable":true,"href":"https:\/\/www.wacoca.com\/news\/wp-json\/wp\/v2\/users\/4"}],"replies":[{"embeddable":true,"href":"https:\/\/www.wacoca.com\/news\/wp-json\/wp\/v2\/comments?post=327599"}],"version-history":[{"count":0,"href":"https:\/\/www.wacoca.com\/news\/wp-json\/wp\/v2\/posts\/327599\/revisions"}],"wp:featuredmedia":[{"embeddable":true,"href":"https:\/\/www.wacoca.com\/news\/wp-json\/wp\/v2\/media\/327600"}],"wp:attachment":[{"href":"https:\/\/www.wacoca.com\/news\/wp-json\/wp\/v2\/media?parent=327599"}],"wp:term":[{"taxonomy":"category","embeddable":true,"href":"https:\/\/www.wacoca.com\/news\/wp-json\/wp\/v2\/categories?post=327599"},{"taxonomy":"post_tag","embeddable":true,"href":"https:\/\/www.wacoca.com\/news\/wp-json\/wp\/v2\/tags?post=327599"}],"curies":[{"name":"wp","href":"https:\/\/api.w.org\/{rel}","templated":true}]}}